{"id":121811,"date":"2021-07-18T09:18:01","date_gmt":"2021-07-18T13:18:01","guid":{"rendered":"https:\/\/linitiative.ca\/International\/etats-generaux-de-leducation-stefania-giannini-a-abidjan\/"},"modified":"2021-07-18T09:18:01","modified_gmt":"2021-07-18T13:18:01","slug":"etats-generaux-de-leducation-stefania-giannini-a-abidjan","status":"publish","type":"post","link":"https:\/\/linitiative.ca\/International\/etats-generaux-de-leducation-stefania-giannini-a-abidjan\/","title":{"rendered":"Etats g\u00e9n\u00e9raux de l\u2019\u00e9ducation:  Stefania Giannini \u00e0 Abidjan"},"content":{"rendered":"<div>\n<p><img loading=\"lazy\" decoding=\"async\" width=\"1715\" height=\"1400\" src=\"https:\/\/linitiative.ca\/International\/wp-content\/uploads\/sites\/23\/2021\/07\/16266142823822.jpg\" class=\"attachment-post-thumbnail size-post-thumbnail wp-post-image\" alt=\"\" srcset=\"https:\/\/linitiative.ca\/International\/wp-content\/uploads\/sites\/23\/2021\/07\/16266142823822.jpg 1715w, https:\/\/www.journalducameroun.com\/wp-content\/uploads\/2021\/07\/16266142823822-300x245.jpg 300w, https:\/\/www.journalducameroun.com\/wp-content\/uploads\/2021\/07\/16266142823822-768x627.jpg 768w, https:\/\/www.journalducameroun.com\/wp-content\/uploads\/2021\/07\/16266142823822-1024x836.jpg 1024w, https:\/\/www.journalducameroun.com\/wp-content\/uploads\/2021\/07\/16266142823822-539x440.jpg 539w, https:\/\/www.journalducameroun.com\/wp-content\/uploads\/2021\/07\/16266142823822-600x490.jpg 600w\" sizes=\"auto, (max-width: 1715px) 100vw, 1715px\"><\/p>\n<p>La Sous-directrice g\u00e9n\u00e9rale de l&rsquo;Organisation des Nations unies pour l&rsquo;\u00e9ducation, la science et la culture (UNESCO) charg\u00e9e de l&rsquo;\u00e9ducation, Stefania Giannini est arriv\u00e9e dans la nuit de samedi \u00e0 dimanche \u00e0 Abidjan o\u00f9 elle participera lundi au lancement des \u00e9tats g\u00e9n\u00e9raux de l&rsquo;\u00e9ducation et de l&rsquo;alphab\u00e9tisation.<\/p>\n<p>Mme Stefania Giannini a \u00e9t\u00e9 accueillie \u00e0 l&rsquo;a\u00e9roport international F\u00e9lix Houphou\u00ebt-Boigny d&rsquo;Abidjan par la ministre ivoirienne de l&rsquo;Education et de l&rsquo;alphab\u00e9tisation, Prof Mariatou Kon\u00e9.<\/p>\n<p>Ces \u00e9tats g\u00e9n\u00e9raux qui s&rsquo;\u00e9tendront sur six mois sont destin\u00e9s \u00e0 passer en revue les acquis de l&rsquo;\u00e9ducation nationale et de l&rsquo;alphab\u00e9tisation dans un dialogue direct inclusif avec tous les acteurs et partenaires du syst\u00e8me \u00e9ducatif national en vue de faire des propositions pour une \u00e9cole ivoirienne de qualit\u00e9 et comp\u00e9titive. \u00a0<\/p>\n<p>Sur son agenda de dimanche, Mme Giannini doit rencontrer les femmes du march\u00e9 de Cocody Anono en formation d&rsquo;alphab\u00e9tisation avant de visiter la ville historique de Grand-Bassam, \u00e0 une quarantaine de km au Sud d&rsquo;Abidjan.<\/p>\n<p>Le quartier France de Grand-Bassam, consid\u00e9r\u00e9 comme le c\u0153ur historique de la ville, est class\u00e9 au patrimoine mondial de l&rsquo;UNESCO depuis le 03 juillet 2012.<\/p>\n<p>Lundi, avant la c\u00e9r\u00e9monie de lancement des \u00e9tats g\u00e9n\u00e9raux de l&rsquo;\u00e9ducation et de l&rsquo;alphab\u00e9tisation, pr\u00e9vue de 10h00 \u00e0 12h45, heure locale et Gmt, en pr\u00e9sence du premier ministre ivoirien Patrick Achi, elle rencontrera le Groupe local des partenaires de l&rsquo;\u00e9ducation. Une rencontre avec le premier ministre est \u00e9galement au menu.<\/p>\n<p>Dans l&rsquo;apr\u00e8s-midi, la Sous-directrice g\u00e9n\u00e9rale de l&rsquo;UNESCO pour l&rsquo;\u00e9ducation est attendue \u00e0 l&rsquo;Institut p\u00e9dagogique national de l&rsquo;enseignement technique et professionnel (IPNETP) d&rsquo;Abidjan-Cocody o\u00f9 elle s&rsquo;entretiendra avec le ministre ivoirien de l&rsquo;Enseignement technique, de la formation professionnelle et de l&rsquo;apprentissage (METFPA), M. Koffi N&rsquo;guessan.<\/p>\n<p>Enfin, elle ach\u00e8vera ses rencontres \u00e0 l&rsquo;Universit\u00e9 virtuelle de C\u00f4te d&rsquo;Ivoire (UVCI) avec le Directeur g\u00e9n\u00e9ral de cette universit\u00e9, Prof Kon\u00e9 Tiomoman.<\/p>\n<p>Cet article <a rel=\"nofollow\" href=\"https:\/\/www.journalducameroun.com\/etats-generaux-de-leducation-stefania-giannini-a-abidjan\/\">Etats g\u00e9n\u00e9raux de l\u2019\u00e9ducation:  Stefania Giannini \u00e0 Abidjan<\/a> est apparu en premier sur <a rel=\"nofollow\" href=\"https:\/\/www.journalducameroun.com\/\">Journal du Cameroun<\/a>.<\/p>\n<\/div>\n<p>Auteur: APA News<br \/>\n<a href=\"https:\/\/www.journalducameroun.com\/etats-generaux-de-leducation-stefania-giannini-a-abidjan\/\">Cliquez ici pour lire l&rsquo;article depuis sa source.<\/a><\/p>\n","protected":false},"excerpt":{"rendered":"<p>La Sous-directrice g\u00e9n\u00e9rale de l&rsquo;Organisation des Nations unies pour l&rsquo;\u00e9ducation, la science et la culture (UNESCO) charg\u00e9e de l&rsquo;\u00e9ducation, Stefania Giannini est arriv\u00e9e dans la nuit de samedi \u00e0 dimanche \u00e0 Abidjan o\u00f9 elle participera lundi au lancement des \u00e9tats g\u00e9n\u00e9raux de l&rsquo;\u00e9ducation et de l&rsquo;alphab\u00e9tisation. Mme Stefania Giannini a \u00e9t\u00e9 accueillie \u00e0 l&rsquo;a\u00e9roport international [&hellip;]<\/p>\n","protected":false},"author":1965,"featured_media":0,"comment_status":"closed","ping_status":"closed","sticky":false,"template":"","format":"standard","meta":{"fifu_image_url":"https:\/\/www.journalducameroun.com\/wp-content\/uploads\/2021\/07\/16266142823822.jpg","fifu_image_alt":"Etats g\u00e9n\u00e9raux de l\u2019\u00e9ducation:  Stefania Giannini \u00e0 Abidjan","footnotes":""},"categories":[73,82],"tags":[],"class_list":["post-121811","post","type-post","status-publish","format-standard","hentry","category-actualite","category-cameroun"],"_links":{"self":[{"href":"https:\/\/linitiative.ca\/International\/wp-json\/wp\/v2\/posts\/121811","targetHints":{"allow":["GET"]}}],"collection":[{"href":"https:\/\/linitiative.ca\/International\/wp-json\/wp\/v2\/posts"}],"about":[{"href":"https:\/\/linitiative.ca\/International\/wp-json\/wp\/v2\/types\/post"}],"author":[{"embeddable":true,"href":"https:\/\/linitiative.ca\/International\/wp-json\/wp\/v2\/users\/1965"}],"replies":[{"embeddable":true,"href":"https:\/\/linitiative.ca\/International\/wp-json\/wp\/v2\/comments?post=121811"}],"version-history":[{"count":0,"href":"https:\/\/linitiative.ca\/International\/wp-json\/wp\/v2\/posts\/121811\/revisions"}],"wp:attachment":[{"href":"https:\/\/linitiative.ca\/International\/wp-json\/wp\/v2\/media?parent=121811"}],"wp:term":[{"taxonomy":"category","embeddable":true,"href":"https:\/\/linitiative.ca\/International\/wp-json\/wp\/v2\/categories?post=121811"},{"taxonomy":"post_tag","embeddable":true,"href":"https:\/\/linitiative.ca\/International\/wp-json\/wp\/v2\/tags?post=121811"}],"curies":[{"name":"wp","href":"https:\/\/api.w.org\/{rel}","templated":true}]}}