{"id":121815,"date":"2021-07-18T16:18:02","date_gmt":"2021-07-18T20:18:02","guid":{"rendered":"https:\/\/linitiative.ca\/International\/lalgerie-rappelle-pour-consultations-son-ambassadeur-a-rabat\/"},"modified":"2021-07-18T16:18:02","modified_gmt":"2021-07-18T20:18:02","slug":"lalgerie-rappelle-pour-consultations-son-ambassadeur-a-rabat","status":"publish","type":"post","link":"https:\/\/linitiative.ca\/International\/lalgerie-rappelle-pour-consultations-son-ambassadeur-a-rabat\/","title":{"rendered":"L\u2019Alg\u00e9rie rappelle pour consultations son ambassadeur \u00e0 Rabat"},"content":{"rendered":"<div>\n<p><img loading=\"lazy\" decoding=\"async\" width=\"620\" height=\"326\" src=\"https:\/\/linitiative.ca\/International\/wp-content\/uploads\/sites\/23\/2021\/07\/16266394827414.jpg\" class=\"attachment-post-thumbnail size-post-thumbnail wp-post-image\" alt=\"\" srcset=\"https:\/\/linitiative.ca\/International\/wp-content\/uploads\/sites\/23\/2021\/07\/16266394827414.jpg 620w, https:\/\/www.journalducameroun.com\/wp-content\/uploads\/2021\/07\/16266394827414-300x158.jpg 300w, https:\/\/www.journalducameroun.com\/wp-content\/uploads\/2021\/07\/16266394827414-600x315.jpg 600w\" sizes=\"auto, (max-width: 620px) 100vw, 620px\"><\/p>\n<p>L&rsquo;Alg\u00e9rie a d\u00e9cid\u00e9 de rappeler pour consultations son ambassadeur \u00e0 Rabat, annonce dimanche un communiqu\u00e9 du minist\u00e8re alg\u00e9rien des Affaires \u00e9trang\u00e8res.La diplomatie alg\u00e9rienne a expliqu\u00e9 que dans sa d\u00e9claration publi\u00e9e le 17 juillet 2021, \u00ab il a \u00e9t\u00e9 indiqu\u00e9 que l&rsquo;Alg\u00e9rie attendait du Royaume du Maroc qu&rsquo;il clarifie sa position d\u00e9finitive sur la situation d&rsquo;une extr\u00eame gravit\u00e9 cr\u00e9\u00e9e par les propos inadmissibles de son ambassadeur \u00e0 New York \u00bb.<\/p>\n<p>\u00a0\u00ab Depuis lors, et en l&rsquo;absence de tout \u00e9cho positif et appropri\u00e9 de la partie marocaine, il a \u00e9t\u00e9 d\u00e9cid\u00e9 aujourd&rsquo;hui, le rappel, avec effet imm\u00e9diat, pour consultations, de l&rsquo;Ambassadeur d&rsquo;Alg\u00e9rie \u00e0 Rabat, sans pr\u00e9judice d&rsquo;autres mesures \u00e9ventuelles en fonction de l&rsquo;\u00e9volution de cette affaire \u00bb, indique le communiqu\u00e9.<\/p>\n<p>R\u00e9pondant aux provocations du ministre alg\u00e9rien des Affaires \u00e9trang\u00e8res, au cours d&rsquo;une r\u00e9union virtuelle des non-align\u00e9s, tenue les 13 et 14 juillet, l&rsquo;ambassadeur repr\u00e9sentant permanent du Maroc\u00a0 \u00e0 New York, Omar Hilale avait \u00e9voqu\u00e9 \u00ab le droit \u00e0 l&rsquo;autod\u00e9termination du peuple kabyle \u00bb.<\/p>\n<p>R\u00e9agissant \u00e0 ces propos, la diplomatie alg\u00e9rienne a, dans un communiqu\u00e9, consid\u00e9r\u00e9 qu&rsquo;il s&rsquo;agit d&rsquo;une \u00ab reconnaissance de culpabilit\u00e9 en ce qui concerne le soutien marocain multiforme actuellement accord\u00e9 \u00e0 un groupe terroriste connu, comme cela a \u00e9t\u00e9 le cas du soutien aux groupes terroristes qui ont ensanglant\u00e9 l&rsquo;Alg\u00e9rie durant la +d\u00e9cennie noire+\u00bb.<\/p>\n<p>Le texte fait r\u00e9f\u00e9rence au classement par le pouvoir alg\u00e9rien, en avril dernier, du Mouvement pour l&rsquo;autod\u00e9termination de la Kabylie (MAK), en tant qu&rsquo;organisation terroriste au m\u00eame titre que le mouvement islamiste Rachad, proche de la Turquie et du Qatar.<\/p>\n<p>Le minist\u00e8re estime que la \u00ab communication diplomatique marocaine est aventuriste, irresponsable et manipulatrice (\u2026) destin\u00e9e \u00e0 cultiver un amalgame outrancier entre une question de d\u00e9colonisation d\u00fbment reconnue comme telle par la communaut\u00e9 internationale et ce qui n&rsquo;est qu&rsquo;un complot dirig\u00e9 contre l&rsquo;unit\u00e9 de la nation alg\u00e9rienne \u00bb.<\/p>\n<p>Alger a soulign\u00e9 que la r\u00e9ponse du Maroc \u00e0 l&rsquo;intervention de son ministre des Affaires \u00e9trang\u00e8res, Ramtane Lamamra, \u00ab heurte frontalement les principes et les accords qui structurent et inspirent les relations alg\u00e9ro-marocaines. Elle constitue une violation flagrante du droit international et de l&rsquo;Acte Constitutif de l&rsquo;Union africaine \u00bb.<\/p>\n<p>L&rsquo;Alg\u00e9rie ne mesure pas \u00e0 quel point le Maroc est indign\u00e9 par les provocations alg\u00e9riennes, depuis des ann\u00e9es durant. Alger arme, finance, d\u00e9fend et abrite le front polisario qui m\u00e8ne un combat arm\u00e9 contre le Maroc.<\/p>\n<p>Cet article <a rel=\"nofollow\" href=\"https:\/\/www.journalducameroun.com\/lalgerie-rappelle-pour-consultations-son-ambassadeur-a-rabat\/\">L\u2019Alg\u00e9rie rappelle pour consultations son ambassadeur \u00e0 Rabat<\/a> est apparu en premier sur <a rel=\"nofollow\" href=\"https:\/\/www.journalducameroun.com\/\">Journal du Cameroun<\/a>.<\/p>\n<\/div>\n<p>Auteur: APA News<br \/>\n<a href=\"https:\/\/www.journalducameroun.com\/lalgerie-rappelle-pour-consultations-son-ambassadeur-a-rabat\/\">Cliquez ici pour lire l&rsquo;article depuis sa source.<\/a><\/p>\n","protected":false},"excerpt":{"rendered":"<p>L&rsquo;Alg\u00e9rie a d\u00e9cid\u00e9 de rappeler pour consultations son ambassadeur \u00e0 Rabat, annonce dimanche un communiqu\u00e9 du minist\u00e8re alg\u00e9rien des Affaires \u00e9trang\u00e8res.La diplomatie alg\u00e9rienne a expliqu\u00e9 que dans sa d\u00e9claration publi\u00e9e le 17 juillet 2021, \u00ab il a \u00e9t\u00e9 indiqu\u00e9 que l&rsquo;Alg\u00e9rie attendait du Royaume du Maroc qu&rsquo;il clarifie sa position d\u00e9finitive sur la situation d&rsquo;une [&hellip;]<\/p>\n","protected":false},"author":1965,"featured_media":0,"comment_status":"closed","ping_status":"closed","sticky":false,"template":"","format":"standard","meta":{"fifu_image_url":"https:\/\/www.journalducameroun.com\/wp-content\/uploads\/2021\/07\/16266394827414.jpg","fifu_image_alt":"L\u2019Alg\u00e9rie rappelle pour consultations son ambassadeur \u00e0 Rabat","footnotes":""},"categories":[73,82],"tags":[],"class_list":["post-121815","post","type-post","status-publish","format-standard","hentry","category-actualite","category-cameroun"],"_links":{"self":[{"href":"https:\/\/linitiative.ca\/International\/wp-json\/wp\/v2\/posts\/121815","targetHints":{"allow":["GET"]}}],"collection":[{"href":"https:\/\/linitiative.ca\/International\/wp-json\/wp\/v2\/posts"}],"about":[{"href":"https:\/\/linitiative.ca\/International\/wp-json\/wp\/v2\/types\/post"}],"author":[{"embeddable":true,"href":"https:\/\/linitiative.ca\/International\/wp-json\/wp\/v2\/users\/1965"}],"replies":[{"embeddable":true,"href":"https:\/\/linitiative.ca\/International\/wp-json\/wp\/v2\/comments?post=121815"}],"version-history":[{"count":0,"href":"https:\/\/linitiative.ca\/International\/wp-json\/wp\/v2\/posts\/121815\/revisions"}],"wp:attachment":[{"href":"https:\/\/linitiative.ca\/International\/wp-json\/wp\/v2\/media?parent=121815"}],"wp:term":[{"taxonomy":"category","embeddable":true,"href":"https:\/\/linitiative.ca\/International\/wp-json\/wp\/v2\/categories?post=121815"},{"taxonomy":"post_tag","embeddable":true,"href":"https:\/\/linitiative.ca\/International\/wp-json\/wp\/v2\/tags?post=121815"}],"curies":[{"name":"wp","href":"https:\/\/api.w.org\/{rel}","templated":true}]}}