{"id":121818,"date":"2021-07-18T07:39:58","date_gmt":"2021-07-18T11:39:58","guid":{"rendered":"https:\/\/linitiative.ca\/International\/la-senegalaise-aminata-kane-pressentie-au-poste-de-directeur-general-de-orange-cameroun\/"},"modified":"2021-07-18T07:39:58","modified_gmt":"2021-07-18T11:39:58","slug":"la-senegalaise-aminata-kane-pressentie-au-poste-de-directeur-general-de-orange-cameroun","status":"publish","type":"post","link":"https:\/\/linitiative.ca\/International\/la-senegalaise-aminata-kane-pressentie-au-poste-de-directeur-general-de-orange-cameroun\/","title":{"rendered":"La s\u00e9n\u00e9galaise Aminata Kane pressentie au poste de Directeur g\u00e9n\u00e9ral  de Orange Cameroun"},"content":{"rendered":"<div>\n<p>Comme annonc\u00e9 par EcoMatin dans son \u00e9dition N\u00b0 447, le directeur G\u00e9n\u00e9ral(DG) de Orange Cameroun a finalement quitt\u00e9 le pays dans la nuit du 14 juillet 2021 apr\u00e8s un d\u00eener d\u2019au revoir offert 2 jours plus t\u00f4t \u00e0 ses proches collaborateurs. Selon une source interne, Fr\u00e9d\u00e9ric Debord est officiellement en cong\u00e9 mais \u00ab son d\u00e9part d\u00e9finitif est pr\u00e9vu pour la fin de cette \u00a0ann\u00e9e \u00bb apprend-on. Pour le remplacer, le top management du groupe Orange a, selon notre source, jet\u00e9 son d\u00e9volu sur Aminata Kane Ndiaye. \u00c2g\u00e9e de 36 ans, cette s\u00e9n\u00e9galaise dirige depuis 2018 la filiale de Orange en Sierra Leone, qui contr\u00f4le 52% des parts de march\u00e9s de la t\u00e9l\u00e9communication dans le pays. Avant cela, elle a respectivement \u00e9t\u00e9 consultante en strat\u00e9gie chez McKinsey &amp; Company en France, puis responsable de la performance Marketing B2B et plus tard Directrice Marketing d\u2019Orange Money au S\u00e9n\u00e9gal. Dipl\u00f4m\u00e9e de HEC Paris et du Massachusetts Institute of Technology, Aminata Kane Ndiaye a re\u00e7u en janvier 2021, prix du meilleur PDG en Afrique aux AfricaCom 2020 Awards, une r\u00e9compense qui honore chaque ann\u00e9e les dirigeants; entreprises et investisseurs dont les performances ont le plus contribu\u00e9 \u00e0 la dynamique de croissance de l\u2019Afrique.<\/p>\n<p><strong>Lire aussi<\/strong> : <strong><a href=\"https:\/\/ecomatin.net\/harcelement-sexuel-licenciements-abusifs-les-dossiers-qui-entachent-la-gestion-de-fredric-debord-dg-de-orange-cameroun\/\">Harc\u00e8lement sexuel, licenciements abusifs\u00a0: les dossiers qui entachent la gestion de Fr\u00e9deric Debord DG d\u2019Orange Cameroun<\/a><\/strong><\/p>\n<p>Sauf d\u00e9cision contraire du Top management de Orange Group, Aminata Kane sera la deuxi\u00e8me femme \u00e0 occuper le poste de DG de Orange Cameroun apr\u00e8s Elizabeth Medou Badang en 2013. Elle devrait remplacer Fr\u00e9d\u00e9ric Debord dont le magist\u00e8re a \u00e9t\u00e9 \u00e9clabouss\u00e9 par plusieurs scandales. Selon une enqu\u00eate publi\u00e9e par EcoMatin, le fran\u00e7ais est englu\u00e9 dans des affaires de m\u0153urs notamment des faits de harc\u00e8lement sexuel pass\u00e9s sous silence ces derni\u00e8res ann\u00e9es et qui ont consid\u00e9rablement contribu\u00e9 \u00e0 d\u00e9t\u00e9riorer le climat social au sein de l\u2019entreprise durant son magist\u00e8re. Par ailleurs, il a \u00e9t\u00e9 assign\u00e9 en justice, au m\u00eame titre que la structure qu\u2019il dirige, pour licenciement abusif d\u2019une ancienne cadre de la maison, au motif de d\u00e9tournement d\u2019une modique somme de 9554 FCFA. Dans le cadre de cette affaire, il est accus\u00e9 de \u00ab d\u00e9nonciation calomnieuse, de diffamation et entrave \u00e0 la libert\u00e9 de travail \u00bb. Selon une source en interne, le d\u00e9part de l\u2019actuel DG n\u2019est aucunement li\u00e9 \u00e0 l\u2019une de ces affaires, mais plut\u00f4t \u00e0 la forclusion de son mandat \u00e0 la t\u00eate de la filiale Cameroun. \u00ab D\u2019ailleurs, pr\u00e9cise notre source, son d\u00e9part se fera dans le cadre d\u2019un vaste red\u00e9ploiement au sein du groupe \u00bb.<\/p>\n<p><strong>Lire aussi<\/strong> : <strong><a href=\"https:\/\/ecomatin.net\/transfert-dargent-orange-cameroun-revendique-70-de-parts-de-marche-du-mobile-money\/\">Transfert d\u2019argent : Orange Cameroun revendique 70% de parts de march\u00e9 du Mobile money<\/a><\/strong><\/p>\n<p>Apr\u00e8s les r\u00e9v\u00e9lations faites par votre journal, l\u2019op\u00e9rateur de t\u00e9l\u00e9coms a r\u00e9agi par voie de communiqu\u00e9, d\u00e9non\u00e7ant une \u00ab campagne de d\u00e9nigrement orchestr\u00e9e \u00e0 travers divers m\u00e9dias par des ex-employ\u00e9s qui ont \u00e9t\u00e9 licenci\u00e9s pour des fautes \u00e9thiques et professionnelles \u00bb. Pourtant, dans sa recherche constante d\u2019\u00e9quilibre de l\u2019information, EcoMatin a adress\u00e9 trois demandes d\u2019informations au Directeur G\u00e9n\u00e9ral dont deux portants sur des accusations de harc\u00e8lement sexuel et une autre se rapportant \u00e0 l\u2019affaire de licenciement. Malgr\u00e9 plusieurs relances, le fran\u00e7ais n\u2019a jamais daign\u00e9 r\u00e9agir.\u00a0<\/p>\n<p>L\u2019article <a rel=\"nofollow\" href=\"https:\/\/ecomatin.net\/lla-senegalaise-aminata-kane-pressentie-au-posste-de-directeur-generall-de-orange-cameroun\/\">La s\u00e9n\u00e9galaise Aminata Kane pressentie au poste de Directeur g\u00e9n\u00e9ral  de Orange Cameroun<\/a> est apparu en premier sur <a rel=\"nofollow\" href=\"https:\/\/ecomatin.net\/\">EcoMatin<\/a>.<\/p>\n<\/div>\n<p>Auteur: Cedrick JIONGO<br \/>\n<a href=\"https:\/\/ecomatin.net\/lla-senegalaise-aminata-kane-pressentie-au-posste-de-directeur-generall-de-orange-cameroun\/\">Cliquez ici pour lire l&rsquo;article depuis sa source.<\/a><\/p>\n","protected":false},"excerpt":{"rendered":"<p>Comme annonc\u00e9 par EcoMatin dans son \u00e9dition N\u00b0 447, le directeur G\u00e9n\u00e9ral(DG) de Orange Cameroun a finalement quitt\u00e9 le pays dans la nuit du 14 juillet 2021 apr\u00e8s un d\u00eener d\u2019au revoir offert 2 jours plus t\u00f4t \u00e0 ses proches collaborateurs. Selon une source interne, Fr\u00e9d\u00e9ric Debord est officiellement en cong\u00e9 mais \u00ab son d\u00e9part [&hellip;]<\/p>\n","protected":false},"author":1969,"featured_media":0,"comment_status":"closed","ping_status":"closed","sticky":false,"template":"","format":"standard","meta":{"fifu_image_url":"","fifu_image_alt":"","footnotes":""},"categories":[82,78],"tags":[],"class_list":["post-121818","post","type-post","status-publish","format-standard","hentry","category-cameroun","category-economie"],"_links":{"self":[{"href":"https:\/\/linitiative.ca\/International\/wp-json\/wp\/v2\/posts\/121818","targetHints":{"allow":["GET"]}}],"collection":[{"href":"https:\/\/linitiative.ca\/International\/wp-json\/wp\/v2\/posts"}],"about":[{"href":"https:\/\/linitiative.ca\/International\/wp-json\/wp\/v2\/types\/post"}],"author":[{"embeddable":true,"href":"https:\/\/linitiative.ca\/International\/wp-json\/wp\/v2\/users\/1969"}],"replies":[{"embeddable":true,"href":"https:\/\/linitiative.ca\/International\/wp-json\/wp\/v2\/comments?post=121818"}],"version-history":[{"count":0,"href":"https:\/\/linitiative.ca\/International\/wp-json\/wp\/v2\/posts\/121818\/revisions"}],"wp:attachment":[{"href":"https:\/\/linitiative.ca\/International\/wp-json\/wp\/v2\/media?parent=121818"}],"wp:term":[{"taxonomy":"category","embeddable":true,"href":"https:\/\/linitiative.ca\/International\/wp-json\/wp\/v2\/categories?post=121818"},{"taxonomy":"post_tag","embeddable":true,"href":"https:\/\/linitiative.ca\/International\/wp-json\/wp\/v2\/tags?post=121818"}],"curies":[{"name":"wp","href":"https:\/\/api.w.org\/{rel}","templated":true}]}}