{"id":121819,"date":"2021-07-18T08:01:42","date_gmt":"2021-07-18T12:01:42","guid":{"rendered":"https:\/\/linitiative.ca\/International\/le-maire-de-kribi-2e-veut-mettre-fin-a-lutilisation-du-sable-de-mer-dans-les-fabriques-de-parpaings\/"},"modified":"2021-07-18T08:01:42","modified_gmt":"2021-07-18T12:01:42","slug":"le-maire-de-kribi-2e-veut-mettre-fin-a-lutilisation-du-sable-de-mer-dans-les-fabriques-de-parpaings","status":"publish","type":"post","link":"https:\/\/linitiative.ca\/International\/le-maire-de-kribi-2e-veut-mettre-fin-a-lutilisation-du-sable-de-mer-dans-les-fabriques-de-parpaings\/","title":{"rendered":"Le Maire de Kribi 2e veut mettre fin \u00e0 l\u2019utilisation du sable de mer dans les fabriques de parpaings"},"content":{"rendered":"<div>\n<p>Dans cette cit\u00e9 baln\u00e9aire, qui baigne dans les eaux de l\u2019Oc\u00e9an Atlantique, les sables des plages sont devenus les mati\u00e8res premi\u00e8res privil\u00e9gi\u00e9es pour les tenants des fabriques de parpaings. Non pour leur qualit\u00e9, mais surtout parce qu\u2019ils sont disponibles et peu co\u00fbteux. Pour Noale \u00e9pse Ntoutoum Th\u00e9orine Flavy, maire de la commune d\u2019arrondissement de Kribi 2eme, l\u2019activit\u00e9 qui fait flor\u00e8s dans sa commune ne concerne pas uniquement les fabriques de parpaings, mais aussi les fabriques des autres objets.<\/p>\n<p>M\u00eame si la qualit\u00e9 des constructions faites avec le sable de mer est critiqu\u00e9e par certains ing\u00e9nieurs de g\u00e9nie civil, le combat que m\u00e8ne la magistrate municipale est orient\u00e9 vers la protection de l\u2019environnement. A cause de l\u2019extraction de son sable, la mer se d\u00e9grade au fil du temps \u00e0 Kribi et la nature est tr\u00e8s menac\u00e9e. Comme alternative, la Maire encourage les tenants des fabriques \u00e0 opter pour d\u2019autres produits de carri\u00e8re tels que le sable de rivi\u00e8re. \u00ab Si nous trouvons encore du sable de mer dans les fabriques de parpaings lors de la prochaine descente sur le terrain, non seulement elles seront scell\u00e9es mais \u00e9galement les produits d\u00e9riv\u00e9s seront d\u00e9truits \u00bb a mis en garde Noale \u00e9pse Ntoutoum Th\u00e9orine Flavy.<\/p>\n<p><strong>P\u00e9nurie de sable<\/strong><strong><\/strong><\/p>\n<p>Le combat de la Maire de la Commune d\u2019arrondissement de Kribi n\u2019est pas marginal. En effet, la consommation du sable de mer dans les travaux de BTP est devenue, au fil des ann\u00e9es, un probl\u00e8me plan\u00e9taire. Longtemps consid\u00e9r\u00e9es comme illimit\u00e9es, les ressources en sable se r\u00e9duisent \u00e0 un rythme inqui\u00e9tant. Selon des experts, 50 milliards de tonnes de sable et granulats de mer sont extraits chaque ann\u00e9e dans le monde. Cette demande est cr\u00e9\u00e9e par le boom observ\u00e9 dans le secteur des BTP. Selon le site Internet TV5 Monde, La population mondiale a quasiment tripl\u00e9 en 60 ans et le sable est la deuxi\u00e8me ressource la plus utilis\u00e9e apr\u00e8s l\u2019eau. Il faut 30 000 tonnes de sable pour faire un kilom\u00e8tre de route, 12 millions de tonnes de sable pour une centrale nucl\u00e9aire (soit 60 000 maisons individuelles qui demandent 200 tonnes de sable chacune pour leur construction).<\/p>\n<p>Des \u00e9tudes actuelles, cit\u00e9es par la cha\u00eene de t\u00e9l\u00e9vision francophone estiment qu\u2019entre 75 et 90% des plages du monde reculent. En Floride par exemple, 9 plages sur 10 sont en voie de disparition. Le cas le plus inqui\u00e9tant vient de l\u2019Indon\u00e9sie. Ici, 25 \u00eeles ont d\u00e9j\u00e0 disparu sous l\u2019effet des extractions massives de sable.<\/p>\n<p><strong>Bety Tounoudjou<\/strong><\/p>\n<p>L\u2019article <a rel=\"nofollow\" href=\"https:\/\/ecomatin.net\/le-maire-de-kribi-2e-veutt-mettre-fin-a-lutilisationn-du-sable-de-mer-dans-less-fabriques-de-parpaings\/\">Le Maire de Kribi 2e veut mettre fin \u00e0 l\u2019utilisation du sable de mer dans les fabriques de parpaings<\/a> est apparu en premier sur <a rel=\"nofollow\" href=\"https:\/\/ecomatin.net\/\">EcoMatin<\/a>.<\/p>\n<\/div>\n<p>Auteur: EcoMatin<br \/>\n<a href=\"https:\/\/ecomatin.net\/le-maire-de-kribi-2e-veutt-mettre-fin-a-lutilisationn-du-sable-de-mer-dans-less-fabriques-de-parpaings\/\">Cliquez ici pour lire l&rsquo;article depuis sa source.<\/a><\/p>\n","protected":false},"excerpt":{"rendered":"<p>Dans cette cit\u00e9 baln\u00e9aire, qui baigne dans les eaux de l\u2019Oc\u00e9an Atlantique, les sables des plages sont devenus les mati\u00e8res premi\u00e8res privil\u00e9gi\u00e9es pour les tenants des fabriques de parpaings. Non pour leur qualit\u00e9, mais surtout parce qu\u2019ils sont disponibles et peu co\u00fbteux. Pour Noale \u00e9pse Ntoutoum Th\u00e9orine Flavy, maire de la commune d\u2019arrondissement de Kribi [&hellip;]<\/p>\n","protected":false},"author":1969,"featured_media":0,"comment_status":"closed","ping_status":"closed","sticky":false,"template":"","format":"standard","meta":{"fifu_image_url":"","fifu_image_alt":"","footnotes":""},"categories":[82,78],"tags":[],"class_list":["post-121819","post","type-post","status-publish","format-standard","hentry","category-cameroun","category-economie"],"_links":{"self":[{"href":"https:\/\/linitiative.ca\/International\/wp-json\/wp\/v2\/posts\/121819","targetHints":{"allow":["GET"]}}],"collection":[{"href":"https:\/\/linitiative.ca\/International\/wp-json\/wp\/v2\/posts"}],"about":[{"href":"https:\/\/linitiative.ca\/International\/wp-json\/wp\/v2\/types\/post"}],"author":[{"embeddable":true,"href":"https:\/\/linitiative.ca\/International\/wp-json\/wp\/v2\/users\/1969"}],"replies":[{"embeddable":true,"href":"https:\/\/linitiative.ca\/International\/wp-json\/wp\/v2\/comments?post=121819"}],"version-history":[{"count":0,"href":"https:\/\/linitiative.ca\/International\/wp-json\/wp\/v2\/posts\/121819\/revisions"}],"wp:attachment":[{"href":"https:\/\/linitiative.ca\/International\/wp-json\/wp\/v2\/media?parent=121819"}],"wp:term":[{"taxonomy":"category","embeddable":true,"href":"https:\/\/linitiative.ca\/International\/wp-json\/wp\/v2\/categories?post=121819"},{"taxonomy":"post_tag","embeddable":true,"href":"https:\/\/linitiative.ca\/International\/wp-json\/wp\/v2\/tags?post=121819"}],"curies":[{"name":"wp","href":"https:\/\/api.w.org\/{rel}","templated":true}]}}