{"id":121820,"date":"2021-07-18T08:21:23","date_gmt":"2021-07-18T12:21:23","guid":{"rendered":"https:\/\/linitiative.ca\/International\/la-microfinance-la-regionale-cote-ses-actions-a-la-bourse-de-douala\/"},"modified":"2021-07-18T08:21:23","modified_gmt":"2021-07-18T12:21:23","slug":"la-microfinance-la-regionale-cote-ses-actions-a-la-bourse-de-douala","status":"publish","type":"post","link":"https:\/\/linitiative.ca\/International\/la-microfinance-la-regionale-cote-ses-actions-a-la-bourse-de-douala\/","title":{"rendered":"La microfinance La R\u00e9gionale cote ses actions \u00e0 la bourse de  Douala"},"content":{"rendered":"<div>\n<p>La microfinance La r\u00e9gionale d\u2019Epargne et de cr\u00e9dit a\u00a0 effectu\u00e9 son entr\u00e9e en bourse lors d\u2019une c\u00e9r\u00e9monie de cotation pr\u00e9sid\u00e9e par le Ministre des finances, Louis Paul Motaze en qualit\u00e9 de Pr\u00e9sident du Conseil des ministres de l\u2019Umac (Union mon\u00e9taire d\u2019Afrique centrale). \u00c9taient \u00e9galement pr\u00e9sents, Daniel Ona Ondo, le Pr\u00e9sident de la Commission de la Cemac, Jean Claude Ngbwa, le Directeur g\u00e9n\u00e9ral de la Bvmac. L\u2019entr\u00e9e en bourse de La R\u00e9gionale S.A intervient apr\u00e8s une op\u00e9ration d\u2019appel public \u00e0 l\u2019\u00e9pargne pour l\u2019augmentation de son capital. Op\u00e9ration sold\u00e9e par des souscriptions d\u2019environ 2 milliards de FCFA.\u00a0<\/p>\n<p>C\u2019est la premi\u00e8re cotation d\u2019une entreprise sur le compartiment action depuis la fusion des deux bourses sous-r\u00e9gionales. Jean Claude Ngbwa justifie les avantages de l\u2019entr\u00e9e en bourse de la microfinance: \u00abLes avantages pour une entr\u00e9e en bourse sont multiples. Pour l\u2019entreprise, c\u2019est d\u2019abord la diversification de ses sources de financement, l\u2019obtention d\u2019un leadership dans son secteur d\u2019activit\u00e9, et la valorisation de sa notori\u00e9t\u00e9, de sa cr\u00e9dibilit\u00e9 aupr\u00e8s de tous ses interlocuteurs. C\u2019est aussi le renforcement de la visibilit\u00e9 de l\u2019entreprise localement et \u00e0 l\u2019international, le recrutement du personnel\u00bb, indique le Directeur g\u00e9n\u00e9ral de la Bvmac.<\/p>\n<p>L\u2019entr\u00e9e en bourse d\u2019une entreprise offre par ailleurs une liquidit\u00e9 permanente aux actionnaires, et assure la p\u00e9rennisation du patrimoine des entreprises. Pour les actionnaires, l\u2019introduction boursi\u00e8re assure par ailleurs la cotation r\u00e9guli\u00e8re de la valeur de l\u2019entreprise, permet aux actionnaires de valoriser \u00e0 tout moment leur patrimoine.\u00a0L\u2019enregistrement de cette op\u00e9ration porte \u00e0 5 le nombre d\u2019entit\u00e9s cot\u00e9es dans le compartiment A de la Bourse des valeurs mobili\u00e8res d\u2019Afrique centrale. A la grande satisfaction de Louis Paul Motaze qui a opportun\u00e9ment not\u00e9 que La R\u00e9gionale S.A est la toute premi\u00e8re structure financi\u00e8re \u00e0 entrer en bourse, les quatre premi\u00e8res \u00e9tant des entreprises agroalimentaires (Safacam, Siat Gabon, Semc et Socapalm).<\/p>\n<p>En perspective, la R\u00e9gionale S.A envisage d\u00e8s lors une transformation imminente en banque universelle dot\u00e9e d\u2019un capital de plus de 10 milliards de FCFA, et de 2530 actionnaires.\u00a0\u00abLa R\u00e9gionale S.A devient l\u2019un des fleurons de l\u2019industrie financi\u00e8re camerounaise\u00bb, a fait observer le Ministre des finances. Qui a relev\u00e9 quelques am\u00e9liorations consacr\u00e9es par la loi de finances 2021 relatives au renforcement des avantages fiscaux du secteur boursier, la r\u00e9duction de 2,2 % \u00e0 1,5% du taux de l\u2019acompte de l\u2019imp\u00f4t sur le revenu et l\u2019harmonisation \u00e0 25%\u00a0 au lieu de 30% du taux d\u2019imp\u00f4t sur les soci\u00e9t\u00e9s qui proc\u00e8dent \u00e0 l\u2019admission de leurs actions ordinaires \u00e0 la cote de la Bvmac. Par ailleurs, les avantages des entreprises cot\u00e9es en bourse seront d\u00e9sormais valables aussi longtemps que le titre sera cot\u00e9 en bourse, au lieu d\u2019une dur\u00e9e limit\u00e9e \u00e0 3 ans.\u00a0<\/p>\n<p>Parmi les d\u00e9fis \u00e0 relever, Louis Paul Motaze cite le renforcement du poids de la capitalisation boursi\u00e8re globale des titres cot\u00e9s \u00e0 la Bvmac par rapport au produit int\u00e9rieur brut (Pib) de la zone \u00e9conomique. Apr\u00e8s la premi\u00e8re cotation des actions de La R\u00e9gionale d\u2019\u00e9pargne et cr\u00e9dit, la Bvmac disposera d\u2019une capitalisation d\u2019environ 36 milliards de FCFA portant la capitalisation globale des titres cot\u00e9s \u00e0 pr\u00e8s de\u00a0 909 milliards de FCFA soit environ 1,8 % du Pib de la zone Cemac (13,13 en zone Uemoa). Le Ministre des finances d\u00e9plore la faible capitalisation des petites et moyennes entreprises qui constituent pourtant plus de 90% des entreprises de la sous-r\u00e9gion. En invitant\u00a0 les entreprises du secteur de l\u2019\u00e9nergie des t\u00e9l\u00e9communications, du b\u00e2timent et travaux publics, ou de l\u2019industrie pharmaceutique \u00e0 int\u00e9grer la Bvmac. Au 30 juin 2021, la bourse des valeurs mobili\u00e8res d\u2019Afrique centrale enregistre une capitalisation estim\u00e9e \u00e0 386,4 milliards, un flottant de 33,2 milliards de FCFA, encours de la dette 523,1 milliards de FCFA.<\/p>\n<p>L\u2019article <a rel=\"nofollow\" href=\"https:\/\/ecomatin.net\/la-microfinance-la-regionale-cote-ses-actions-a-la-bourse-de-douala\/\">La microfinance La R\u00e9gionale cote ses actions \u00e0 la bourse de  Douala<\/a> est apparu en premier sur <a rel=\"nofollow\" href=\"https:\/\/ecomatin.net\/\">EcoMatin<\/a>.<\/p>\n<\/div>\n<p>Auteur: Georges Semey<br \/>\n<a href=\"https:\/\/ecomatin.net\/la-microfinance-la-regionale-cote-ses-actions-a-la-bourse-de-douala\/\">Cliquez ici pour lire l&rsquo;article depuis sa source.<\/a><\/p>\n","protected":false},"excerpt":{"rendered":"<p>La microfinance La r\u00e9gionale d\u2019Epargne et de cr\u00e9dit a\u00a0 effectu\u00e9 son entr\u00e9e en bourse lors d\u2019une c\u00e9r\u00e9monie de cotation pr\u00e9sid\u00e9e par le Ministre des finances, Louis Paul Motaze en qualit\u00e9 de Pr\u00e9sident du Conseil des ministres de l\u2019Umac (Union mon\u00e9taire d\u2019Afrique centrale). \u00c9taient \u00e9galement pr\u00e9sents, Daniel Ona Ondo, le Pr\u00e9sident de la Commission de la [&hellip;]<\/p>\n","protected":false},"author":1969,"featured_media":0,"comment_status":"closed","ping_status":"closed","sticky":false,"template":"","format":"standard","meta":{"fifu_image_url":"","fifu_image_alt":"","footnotes":""},"categories":[82,78],"tags":[],"class_list":["post-121820","post","type-post","status-publish","format-standard","hentry","category-cameroun","category-economie"],"_links":{"self":[{"href":"https:\/\/linitiative.ca\/International\/wp-json\/wp\/v2\/posts\/121820","targetHints":{"allow":["GET"]}}],"collection":[{"href":"https:\/\/linitiative.ca\/International\/wp-json\/wp\/v2\/posts"}],"about":[{"href":"https:\/\/linitiative.ca\/International\/wp-json\/wp\/v2\/types\/post"}],"author":[{"embeddable":true,"href":"https:\/\/linitiative.ca\/International\/wp-json\/wp\/v2\/users\/1969"}],"replies":[{"embeddable":true,"href":"https:\/\/linitiative.ca\/International\/wp-json\/wp\/v2\/comments?post=121820"}],"version-history":[{"count":0,"href":"https:\/\/linitiative.ca\/International\/wp-json\/wp\/v2\/posts\/121820\/revisions"}],"wp:attachment":[{"href":"https:\/\/linitiative.ca\/International\/wp-json\/wp\/v2\/media?parent=121820"}],"wp:term":[{"taxonomy":"category","embeddable":true,"href":"https:\/\/linitiative.ca\/International\/wp-json\/wp\/v2\/categories?post=121820"},{"taxonomy":"post_tag","embeddable":true,"href":"https:\/\/linitiative.ca\/International\/wp-json\/wp\/v2\/tags?post=121820"}],"curies":[{"name":"wp","href":"https:\/\/api.w.org\/{rel}","templated":true}]}}