{"id":121821,"date":"2021-07-19T07:30:01","date_gmt":"2021-07-19T11:30:01","guid":{"rendered":"https:\/\/linitiative.ca\/International\/festival-de-cannes-haut-et-fort-de-nabil-ayouch-rafle-le-prix-du-cinema-positif\/"},"modified":"2021-07-19T07:30:01","modified_gmt":"2021-07-19T11:30:01","slug":"festival-de-cannes-haut-et-fort-de-nabil-ayouch-rafle-le-prix-du-cinema-positif","status":"publish","type":"post","link":"https:\/\/linitiative.ca\/International\/festival-de-cannes-haut-et-fort-de-nabil-ayouch-rafle-le-prix-du-cinema-positif\/","title":{"rendered":"Festival de Cannes : \u00abHaut et Fort\u00bb de Nabil Ayouch  rafle le prix du cin\u00e9ma positif"},"content":{"rendered":"<div>\n<p><img decoding=\"async\" width=\"300\" height=\"153\" src=\"https:\/\/linitiative.ca\/International\/wp-content\/uploads\/sites\/23\/2021\/07\/Film-Haut-et-Fort-de-Nabil-Ayouch-300x153-1.jpg\" class=\"attachment-medium size-medium wp-post-image\" alt=\"\" loading=\"lazy\" srcset=\"\/\/aujourdhui.ma\/wp-content\/uploads\/2021\/07\/Film-Haut-et-Fort-de-Nabil-Ayouch-300x153.jpg 300w, \/\/aujourdhui.ma\/wp-content\/uploads\/2021\/07\/Film-Haut-et-Fort-de-Nabil-Ayouch-274x140.jpg 274w, \/\/aujourdhui.ma\/wp-content\/uploads\/2021\/07\/Film-Haut-et-Fort-de-Nabil-Ayouch.jpg 746w, \/\/aujourdhui.ma\/wp-content\/uploads\/2021\/07\/Film-Haut-et-Fort-de-Nabil-Ayouch-165x84.jpg 165w, \/\/aujourdhui.ma\/wp-content\/uploads\/2021\/07\/Film-Haut-et-Fort-de-Nabil-Ayouch-702x358.jpg 702w\" sizes=\"auto, (max-width: 300px) 100vw, 300px\"><\/p>\n<p><span style=\"font-size: 20px; color: #800000;\"><strong>Il a \u00e9galement re\u00e7u le prix Best Achievement in Cinema<\/strong><\/span><\/p>\n<p>Le film se d\u00e9roule \u00e0 Sidi Moumen, \u00e0 Casablanca. Il raconte l\u2019histoire d\u2019Anas, ancien rappeur engag\u00e9 dans un centre culturel du quartier. Encourag\u00e9s par leur nouveau professeur, les jeunes vont tenter de se lib\u00e9rer du poids de certaines traditions pour vivre leur passion et s\u2019exprimer \u00e0 travers la culture hip-hop.<\/p>\n<p>Belle cons\u00e9cration pour le cin\u00e9ma marocain ! Le long-m\u00e9trage \u00abHaut et Fort\u00bb du r\u00e9alisateur Nabil Ayouch a re\u00e7u le prix du cin\u00e9ma positif lors de la c\u00e9r\u00e9monie de cl\u00f4ture de la 74\u00e8me \u00e9dition du Festival de Cannes. Qualifi\u00e9 de \u00abR\u00e9jouissant\u00bb, \u00abVibrant\u00bb, \u00abFort et sinc\u00e8re\u00bb ou de \u00abWest Side Story Marocain\u00bb, ce film a \u00e9galement re\u00e7u le prix Best Achievement in Cinema, d\u00e9cern\u00e9 par l\u2019organisation humanitaire Union-Life International. Il faut dire que Nabil Ayouch a repr\u00e9sent\u00e9 les couleurs du Maroc avec une \u0153uvre engag\u00e9e, percutante avec laquelle il se trouve pour la premi\u00e8re fois en lice pour la Palme d\u2019or du Festival de Cannes.<\/p>\n<p>\u00abJ\u2019ai appris \u00e0 regarder le monde dans un centre culturel comme celui-l\u00e0. Il y a une quarantaine d\u2019ann\u00e9es, en banlieue parisienne. Je ne serais pas devant vous aujourd\u2019hui si je n\u2019\u00e9tais pas pass\u00e9 par l\u00e0, et si je n\u2019avais pas compris que les arts et la culture pouvaient changer une vie, bouleverser un destin\u2026 Le fait de nous retrouver, quarante ans plus tard, de l\u2019autre c\u00f4t\u00e9 de la M\u00e9diterran\u00e9e, avec les talents de ces jeunes, leurs rages et leurs \u00e9nergies \u00e9nergies\u2026 Ils font honneur \u00e0 leur pays\u00bb, disait, tr\u00e8s \u00e9mu, Nabil Ayouch devant le public, lors de la projection de son film \u00e0 la comp\u00e9tition officielle du Festival.<\/p>\n<p>Produit par Ali\u2019n Productions (Maroc), Les Films du Nouveau Monde (France), en coproduction avec Unit\u00e9 et Ad Vitam (France), le film se d\u00e9roule \u00e0 Sidi Moumen, \u00e0 Casablanca. Il raconte l\u2019histoire d\u2019Anas, ancien rappeur engag\u00e9 dans un centre culturel du quartier.<br \/>\nEncourag\u00e9s par leur nouveau professeur, les jeunes vont tenter de se lib\u00e9rer du poids de certaines traditions pour vivre leur passion et s\u2019exprimer \u00e0 travers la culture hip-hop. Ecrit par le r\u00e9alisateur lui-m\u00eame en collaboration avec Maryam Touzani, le film est un hommage \u00e0 la jeunesse marocaine. Il est interpr\u00e9t\u00e9 principalement par Anas Basbousi, ainsi qu\u2019Ismail Adouab, Meriam Nakkach, Nouhaila Arif, Abdou Basbousi, Zineb Boujemaa, Soufiane Bellali, Mehdi Razzouk, Amina Kannan, Samah Barigou, Maha Menan, Marwa Kniniche, Marouane Bennani et Abderahaman Errahmani. Le parcours de ce film ne fait que commencer. Il sortira en salle en novembre 2021.<\/p>\n<p><a href=\"https:\/\/linitiative.ca\/International\/wp-content\/uploads\/sites\/23\/2021\/07\/Film-Haut-et-Fort-de-Nabil-Ayouch-1.jpg\"><img decoding=\"async\" loading=\"lazy\" class=\"aligncenter size-full wp-image-382055\" src=\"https:\/\/linitiative.ca\/International\/wp-content\/uploads\/sites\/23\/2021\/07\/Film-Haut-et-Fort-de-Nabil-Ayouch-1.jpg\" alt=\"\" width=\"429\" height=\"631\" srcset=\"\/\/aujourdhui.ma\/wp-content\/uploads\/2021\/07\/Film-Haut-et-Fort-de-Nabil-Ayouch-1.jpg 429w, \/\/aujourdhui.ma\/wp-content\/uploads\/2021\/07\/Film-Haut-et-Fort-de-Nabil-Ayouch-1-204x300.jpg 204w\" sizes=\"auto, (max-width: 429px) 100vw, 429px\"><\/a><\/p>\n<\/div>\n<p>Auteur: ALM<br \/>\n<a href=\"https:\/\/aujourdhui.ma\/culture\/cinema\/festival-de-cannes-haut-et-fort-de-nabil-ayouch-rafle-le-prix-du-cinema-positif\">Cliquez ici pour lire l&rsquo;article depuis sa source.<\/a><\/p>\n","protected":false},"excerpt":{"rendered":"<p>Il a \u00e9galement re\u00e7u le prix Best Achievement in Cinema Le film se d\u00e9roule \u00e0 Sidi Moumen, \u00e0 Casablanca. Il raconte l\u2019histoire d\u2019Anas, ancien rappeur engag\u00e9 dans un centre culturel du quartier. Encourag\u00e9s par leur nouveau professeur, les jeunes vont tenter de se lib\u00e9rer du poids de certaines traditions pour vivre leur passion et s\u2019exprimer [&hellip;]<\/p>\n","protected":false},"author":1759,"featured_media":0,"comment_status":"closed","ping_status":"closed","sticky":false,"template":"","format":"standard","meta":{"fifu_image_url":"https:\/\/aujourdhui.ma\/wp-content\/uploads\/2021\/07\/Film-Haut-et-Fort-de-Nabil-Ayouch-300x153.jpg","fifu_image_alt":"Festival de Cannes : \u00abHaut et Fort\u00bb de Nabil Ayouch  rafle le prix du cin\u00e9ma positif","footnotes":""},"categories":[73,54],"tags":[],"class_list":["post-121821","post","type-post","status-publish","format-standard","hentry","category-actualite","category-maroc"],"_links":{"self":[{"href":"https:\/\/linitiative.ca\/International\/wp-json\/wp\/v2\/posts\/121821","targetHints":{"allow":["GET"]}}],"collection":[{"href":"https:\/\/linitiative.ca\/International\/wp-json\/wp\/v2\/posts"}],"about":[{"href":"https:\/\/linitiative.ca\/International\/wp-json\/wp\/v2\/types\/post"}],"author":[{"embeddable":true,"href":"https:\/\/linitiative.ca\/International\/wp-json\/wp\/v2\/users\/1759"}],"replies":[{"embeddable":true,"href":"https:\/\/linitiative.ca\/International\/wp-json\/wp\/v2\/comments?post=121821"}],"version-history":[{"count":0,"href":"https:\/\/linitiative.ca\/International\/wp-json\/wp\/v2\/posts\/121821\/revisions"}],"wp:attachment":[{"href":"https:\/\/linitiative.ca\/International\/wp-json\/wp\/v2\/media?parent=121821"}],"wp:term":[{"taxonomy":"category","embeddable":true,"href":"https:\/\/linitiative.ca\/International\/wp-json\/wp\/v2\/categories?post=121821"},{"taxonomy":"post_tag","embeddable":true,"href":"https:\/\/linitiative.ca\/International\/wp-json\/wp\/v2\/tags?post=121821"}],"curies":[{"name":"wp","href":"https:\/\/api.w.org\/{rel}","templated":true}]}}