{"id":121827,"date":"2021-07-19T09:25:30","date_gmt":"2021-07-19T13:25:30","guid":{"rendered":"https:\/\/linitiative.ca\/International\/departement-de-lenvironnement-campagne-de-sensibilisation-sur-la-proprete-a-loccasion-de-laid-adha\/"},"modified":"2021-07-19T09:25:30","modified_gmt":"2021-07-19T13:25:30","slug":"departement-de-lenvironnement-campagne-de-sensibilisation-sur-la-proprete-a-loccasion-de-laid-adha","status":"publish","type":"post","link":"https:\/\/linitiative.ca\/International\/departement-de-lenvironnement-campagne-de-sensibilisation-sur-la-proprete-a-loccasion-de-laid-adha\/","title":{"rendered":"D\u00e9partement de l\u2019Environnement: Campagne de sensibilisation sur la propret\u00e9 \u00e0 l\u2019occasion de l\u2019Aid Adha"},"content":{"rendered":"<div>\n<p><img decoding=\"async\" width=\"300\" height=\"153\" src=\"https:\/\/linitiative.ca\/International\/wp-content\/uploads\/sites\/23\/2021\/07\/Campagne-de-sensibilisation-Aid-Adha-300x153-1.jpg\" class=\"attachment-medium size-medium wp-post-image\" alt=\"\" loading=\"lazy\" srcset=\"\/\/aujourdhui.ma\/wp-content\/uploads\/2021\/07\/Campagne-de-sensibilisation-Aid-Adha-300x153.jpg 300w, \/\/aujourdhui.ma\/wp-content\/uploads\/2021\/07\/Campagne-de-sensibilisation-Aid-Adha-274x140.jpg 274w, \/\/aujourdhui.ma\/wp-content\/uploads\/2021\/07\/Campagne-de-sensibilisation-Aid-Adha.jpg 746w, \/\/aujourdhui.ma\/wp-content\/uploads\/2021\/07\/Campagne-de-sensibilisation-Aid-Adha-165x84.jpg 165w, \/\/aujourdhui.ma\/wp-content\/uploads\/2021\/07\/Campagne-de-sensibilisation-Aid-Adha-702x358.jpg 702w\" sizes=\"auto, (max-width: 300px) 100vw, 300px\"><\/p>\n<p><strong>Le D\u00e9partement de l\u2019Environnement organise une campagne de sensibilisation sur la propret\u00e9 et l\u2019hygi\u00e8ne pendant l\u2019Aid Adha.<\/strong><span id=\"more-382072\"><\/span><br \/>\nIniti\u00e9e sous le slogan #Eid Moubarak Nadhif, cette campagne a pour objectif de sensibiliser les citoyens \u00e0 la n\u00e9cessit\u00e9 de pr\u00e9server la propret\u00e9 des milieux et des espaces, en \u00e9vitant de jeter les restes des abats dans les \u00e9gouts, en ramassant tous les r\u00e9sidus et ordures dans des sacs ferm\u00e9s et en les mettant dans les bacs \u00e0 ordures afin de faciliter le travail du personnel de propret\u00e9, indique un communiqu\u00e9 du minist\u00e8re de l\u2019Energie, des Mines et de l\u2019Environnement.<br \/>\nElle vise, \u00e9galement, \u00e0 sensibiliser la population, \u00e0 pr\u00e9server les peaux lors de l\u2019abattage et \u00e0 les bien conserver, en les salant et en les mettant dans des espaces a\u00e9r\u00e9s jusqu\u2019\u00e0 ce qu\u2019elles soient collect\u00e9es et valoris\u00e9es dans l\u2019industrie du cuir et l\u2019artisanat, en plus du respect des mesures pr\u00e9ventives li\u00e9es \u00e0 la pand\u00e9mie du Coronavirus, explique le communiqu\u00e9.<\/p>\n<p>Cette campagne, organis\u00e9e chaque ann\u00e9e, comprend des supports de sensibilisation pour l\u2019accompagnement des actions de mobilisation sur le terrain, initi\u00e9es par les Directions r\u00e9gionales de l\u2019Environnement, en coordination avec les autorit\u00e9s locales, les soci\u00e9t\u00e9s d\u00e9l\u00e9gatrices charg\u00e9s de la collecte des d\u00e9chets et la soci\u00e9t\u00e9 civile, en plus de la diffusion d\u2019une capsule audiovisuelle de sensibilisation sur la page Facebook du D\u00e9partement de l\u2019environnement, pr\u00e9cise-t-on.<\/p>\n<\/div>\n<p>Auteur: ALM<br \/>\n<a href=\"https:\/\/aujourdhui.ma\/videos\/departement-de-lenvironnement-campagne-de-sensibilisation-sur-la-proprete-a-loccasion-de-laid-adha\">Cliquez ici pour lire l&rsquo;article depuis sa source.<\/a><\/p>\n","protected":false},"excerpt":{"rendered":"<p>Le D\u00e9partement de l\u2019Environnement organise une campagne de sensibilisation sur la propret\u00e9 et l\u2019hygi\u00e8ne pendant l\u2019Aid Adha. Initi\u00e9e sous le slogan #Eid Moubarak Nadhif, cette campagne a pour objectif de sensibiliser les citoyens \u00e0 la n\u00e9cessit\u00e9 de pr\u00e9server la propret\u00e9 des milieux et des espaces, en \u00e9vitant de jeter les restes des abats dans les [&hellip;]<\/p>\n","protected":false},"author":1759,"featured_media":0,"comment_status":"closed","ping_status":"closed","sticky":false,"template":"","format":"standard","meta":{"fifu_image_url":"https:\/\/aujourdhui.ma\/wp-content\/uploads\/2021\/07\/Campagne-de-sensibilisation-Aid-Adha-300x153.jpg","fifu_image_alt":"D\u00e9partement de l\u2019Environnement: Campagne de sensibilisation sur la propret\u00e9 \u00e0 l\u2019occasion de l\u2019Aid Adha","footnotes":""},"categories":[73,54],"tags":[],"class_list":["post-121827","post","type-post","status-publish","format-standard","hentry","category-actualite","category-maroc"],"_links":{"self":[{"href":"https:\/\/linitiative.ca\/International\/wp-json\/wp\/v2\/posts\/121827","targetHints":{"allow":["GET"]}}],"collection":[{"href":"https:\/\/linitiative.ca\/International\/wp-json\/wp\/v2\/posts"}],"about":[{"href":"https:\/\/linitiative.ca\/International\/wp-json\/wp\/v2\/types\/post"}],"author":[{"embeddable":true,"href":"https:\/\/linitiative.ca\/International\/wp-json\/wp\/v2\/users\/1759"}],"replies":[{"embeddable":true,"href":"https:\/\/linitiative.ca\/International\/wp-json\/wp\/v2\/comments?post=121827"}],"version-history":[{"count":0,"href":"https:\/\/linitiative.ca\/International\/wp-json\/wp\/v2\/posts\/121827\/revisions"}],"wp:attachment":[{"href":"https:\/\/linitiative.ca\/International\/wp-json\/wp\/v2\/media?parent=121827"}],"wp:term":[{"taxonomy":"category","embeddable":true,"href":"https:\/\/linitiative.ca\/International\/wp-json\/wp\/v2\/categories?post=121827"},{"taxonomy":"post_tag","embeddable":true,"href":"https:\/\/linitiative.ca\/International\/wp-json\/wp\/v2\/tags?post=121827"}],"curies":[{"name":"wp","href":"https:\/\/api.w.org\/{rel}","templated":true}]}}