{"id":121833,"date":"2021-07-19T11:42:17","date_gmt":"2021-07-19T15:42:17","guid":{"rendered":"https:\/\/linitiative.ca\/International\/la-situation-epidemiologique-au-19-juillet-2021-a-16h00\/"},"modified":"2021-07-19T11:42:17","modified_gmt":"2021-07-19T15:42:17","slug":"la-situation-epidemiologique-au-19-juillet-2021-a-16h00","status":"publish","type":"post","link":"https:\/\/linitiative.ca\/International\/la-situation-epidemiologique-au-19-juillet-2021-a-16h00\/","title":{"rendered":"La situation \u00e9pid\u00e9miologique au 19 juillet 2021 \u00e0 16H00"},"content":{"rendered":"<div>\n<p><img decoding=\"async\" width=\"300\" height=\"153\" src=\"https:\/\/linitiative.ca\/International\/wp-content\/uploads\/sites\/23\/2021\/07\/Covid19-Coronavirus-Ambulance-300x153-1.jpg\" class=\"attachment-medium size-medium wp-post-image\" alt=\"\" loading=\"lazy\" srcset=\"\/\/aujourdhui.ma\/wp-content\/uploads\/2021\/07\/Covid19-Coronavirus-Ambulance-300x153.jpg 300w, \/\/aujourdhui.ma\/wp-content\/uploads\/2021\/07\/Covid19-Coronavirus-Ambulance-274x140.jpg 274w, \/\/aujourdhui.ma\/wp-content\/uploads\/2021\/07\/Covid19-Coronavirus-Ambulance.jpg 746w, \/\/aujourdhui.ma\/wp-content\/uploads\/2021\/07\/Covid19-Coronavirus-Ambulance-165x84.jpg 165w, \/\/aujourdhui.ma\/wp-content\/uploads\/2021\/07\/Covid19-Coronavirus-Ambulance-702x358.jpg 702w\" sizes=\"auto, (max-width: 300px) 100vw, 300px\"><\/p>\n<p>La situation \u00e9pid\u00e9miologique au 19 juillet 2021 \u00e0 16H00 1.153 nouveaux cas soit un cumul de 558.785 cas \u00e0 ce jour. 1.580 gu\u00e9risons soit un cumul de 533.229 \u00e0 ce jour.<span id=\"more-382078\"><\/span><br \/>\n16 nouveaux d\u00e9c\u00e8s donc un cumul de 9.466 \u00e0 ce jour.<\/p>\n<p><a href=\"https:\/\/linitiative.ca\/International\/wp-content\/uploads\/sites\/23\/2021\/07\/WhatsApp-Image-2021-07-19-at-16.22.23.jpeg\"><img decoding=\"async\" loading=\"lazy\" class=\"aligncenter size-full wp-image-382079\" src=\"https:\/\/linitiative.ca\/International\/wp-content\/uploads\/sites\/23\/2021\/07\/WhatsApp-Image-2021-07-19-at-16.22.23.jpeg\" alt=\"\" width=\"1013\" height=\"1280\" srcset=\"\/\/aujourdhui.ma\/wp-content\/uploads\/2021\/07\/WhatsApp-Image-2021-07-19-at-16.22.23.jpeg 1013w, \/\/aujourdhui.ma\/wp-content\/uploads\/2021\/07\/WhatsApp-Image-2021-07-19-at-16.22.23-237x300.jpeg 237w, \/\/aujourdhui.ma\/wp-content\/uploads\/2021\/07\/WhatsApp-Image-2021-07-19-at-16.22.23-810x1024.jpeg 810w, \/\/aujourdhui.ma\/wp-content\/uploads\/2021\/07\/WhatsApp-Image-2021-07-19-at-16.22.23-768x970.jpeg 768w\" sizes=\"auto, (max-width: 1013px) 100vw, 1013px\"><\/a> <a href=\"https:\/\/linitiative.ca\/International\/wp-content\/uploads\/sites\/23\/2021\/07\/WhatsApp-Image-2021-07-19-at-16.22.34.jpeg\"><img decoding=\"async\" loading=\"lazy\" class=\"aligncenter size-full wp-image-382080\" src=\"https:\/\/linitiative.ca\/International\/wp-content\/uploads\/sites\/23\/2021\/07\/WhatsApp-Image-2021-07-19-at-16.22.34.jpeg\" alt=\"\" width=\"913\" height=\"1280\" srcset=\"\/\/aujourdhui.ma\/wp-content\/uploads\/2021\/07\/WhatsApp-Image-2021-07-19-at-16.22.34.jpeg 913w, \/\/aujourdhui.ma\/wp-content\/uploads\/2021\/07\/WhatsApp-Image-2021-07-19-at-16.22.34-214x300.jpeg 214w, \/\/aujourdhui.ma\/wp-content\/uploads\/2021\/07\/WhatsApp-Image-2021-07-19-at-16.22.34-730x1024.jpeg 730w, \/\/aujourdhui.ma\/wp-content\/uploads\/2021\/07\/WhatsApp-Image-2021-07-19-at-16.22.34-768x1077.jpeg 768w\" sizes=\"auto, (max-width: 913px) 100vw, 913px\"><\/a> <a href=\"https:\/\/linitiative.ca\/International\/wp-content\/uploads\/sites\/23\/2021\/07\/WhatsApp-Image-2021-07-19-at-16.23.28.jpeg\"><img decoding=\"async\" loading=\"lazy\" class=\"aligncenter size-full wp-image-382082\" src=\"https:\/\/linitiative.ca\/International\/wp-content\/uploads\/sites\/23\/2021\/07\/WhatsApp-Image-2021-07-19-at-16.23.28.jpeg\" alt=\"\" width=\"1170\" height=\"1128\" srcset=\"\/\/aujourdhui.ma\/wp-content\/uploads\/2021\/07\/WhatsApp-Image-2021-07-19-at-16.23.28.jpeg 1170w, \/\/aujourdhui.ma\/wp-content\/uploads\/2021\/07\/WhatsApp-Image-2021-07-19-at-16.23.28-300x289.jpeg 300w, \/\/aujourdhui.ma\/wp-content\/uploads\/2021\/07\/WhatsApp-Image-2021-07-19-at-16.23.28-1024x987.jpeg 1024w, \/\/aujourdhui.ma\/wp-content\/uploads\/2021\/07\/WhatsApp-Image-2021-07-19-at-16.23.28-768x740.jpeg 768w, \/\/aujourdhui.ma\/wp-content\/uploads\/2021\/07\/WhatsApp-Image-2021-07-19-at-16.23.28-36x36.jpeg 36w\" sizes=\"auto, (max-width: 1170px) 100vw, 1170px\"><\/a> <a href=\"https:\/\/linitiative.ca\/International\/wp-content\/uploads\/sites\/23\/2021\/07\/WhatsApp-Image-2021-07-19-at-16.23.11.jpeg\"><img decoding=\"async\" loading=\"lazy\" class=\"aligncenter size-full wp-image-382081\" src=\"https:\/\/linitiative.ca\/International\/wp-content\/uploads\/sites\/23\/2021\/07\/WhatsApp-Image-2021-07-19-at-16.23.11.jpeg\" alt=\"\" width=\"942\" height=\"1280\" srcset=\"\/\/aujourdhui.ma\/wp-content\/uploads\/2021\/07\/WhatsApp-Image-2021-07-19-at-16.23.11.jpeg 942w, \/\/aujourdhui.ma\/wp-content\/uploads\/2021\/07\/WhatsApp-Image-2021-07-19-at-16.23.11-221x300.jpeg 221w, \/\/aujourdhui.ma\/wp-content\/uploads\/2021\/07\/WhatsApp-Image-2021-07-19-at-16.23.11-754x1024.jpeg 754w, \/\/aujourdhui.ma\/wp-content\/uploads\/2021\/07\/WhatsApp-Image-2021-07-19-at-16.23.11-768x1044.jpeg 768w\" sizes=\"auto, (max-width: 942px) 100vw, 942px\"><\/a><\/p>\n<\/div>\n<p>Auteur: ALM<br \/>\n<a href=\"https:\/\/aujourdhui.ma\/actualite\/la-situation-epidemiologique-au-19-juillet-2021-a-16h00\">Cliquez ici pour lire l&rsquo;article depuis sa source.<\/a><\/p>\n","protected":false},"excerpt":{"rendered":"<p>La situation \u00e9pid\u00e9miologique au 19 juillet 2021 \u00e0 16H00 1.153 nouveaux cas soit un cumul de 558.785 cas \u00e0 ce jour. 1.580 gu\u00e9risons soit un cumul de 533.229 \u00e0 ce jour. 16 nouveaux d\u00e9c\u00e8s donc un cumul de 9.466 \u00e0 ce jour. Auteur: ALM Cliquez ici pour lire l&rsquo;article depuis sa source.<\/p>\n","protected":false},"author":1759,"featured_media":0,"comment_status":"closed","ping_status":"closed","sticky":false,"template":"","format":"standard","meta":{"fifu_image_url":"https:\/\/aujourdhui.ma\/wp-content\/uploads\/2021\/07\/Covid19-Coronavirus-Ambulance-300x153.jpg","fifu_image_alt":"La situation \u00e9pid\u00e9miologique au 19 juillet 2021 \u00e0 16H00","footnotes":""},"categories":[73,54],"tags":[],"class_list":["post-121833","post","type-post","status-publish","format-standard","hentry","category-actualite","category-maroc"],"_links":{"self":[{"href":"https:\/\/linitiative.ca\/International\/wp-json\/wp\/v2\/posts\/121833","targetHints":{"allow":["GET"]}}],"collection":[{"href":"https:\/\/linitiative.ca\/International\/wp-json\/wp\/v2\/posts"}],"about":[{"href":"https:\/\/linitiative.ca\/International\/wp-json\/wp\/v2\/types\/post"}],"author":[{"embeddable":true,"href":"https:\/\/linitiative.ca\/International\/wp-json\/wp\/v2\/users\/1759"}],"replies":[{"embeddable":true,"href":"https:\/\/linitiative.ca\/International\/wp-json\/wp\/v2\/comments?post=121833"}],"version-history":[{"count":0,"href":"https:\/\/linitiative.ca\/International\/wp-json\/wp\/v2\/posts\/121833\/revisions"}],"wp:attachment":[{"href":"https:\/\/linitiative.ca\/International\/wp-json\/wp\/v2\/media?parent=121833"}],"wp:term":[{"taxonomy":"category","embeddable":true,"href":"https:\/\/linitiative.ca\/International\/wp-json\/wp\/v2\/categories?post=121833"},{"taxonomy":"post_tag","embeddable":true,"href":"https:\/\/linitiative.ca\/International\/wp-json\/wp\/v2\/tags?post=121833"}],"curies":[{"name":"wp","href":"https:\/\/api.w.org\/{rel}","templated":true}]}}