{"id":121839,"date":"2021-07-18T14:00:00","date_gmt":"2021-07-18T18:00:00","guid":{"rendered":"https:\/\/linitiative.ca\/International\/mohammed-nabil-benabdellah-invite-demain-du-forum-de-la-map\/"},"modified":"2021-07-18T14:00:00","modified_gmt":"2021-07-18T18:00:00","slug":"mohammed-nabil-benabdellah-invite-demain-du-forum-de-la-map","status":"publish","type":"post","link":"https:\/\/linitiative.ca\/International\/mohammed-nabil-benabdellah-invite-demain-du-forum-de-la-map\/","title":{"rendered":"Mohammed Nabil Benabdellah, invit\u00e9 demain du Forum de la MAP"},"content":{"rendered":"<div>\n<p class=\"has-text-color\" style=\"color:#0626e5\"><strong>Le secr\u00e9taire g\u00e9n\u00e9ral du Parti du Progr\u00e8s et du Socialisme (PPS), Mohammed Nabil Benabdellah, sera, demain mardi 20 juillet, l\u2019invit\u00e9 du Forum de la MAP, qui se tient sous le th\u00e8me \u00ab\u00a0Le PPS et les \u00e9lections de 2021 : les pr\u00e9paratifs et les perspectives\u00a0\u00bb.<\/strong><\/p>\n<p>Cette rencontre, qui aura lieu au si\u00e8ge de la MAP \u00e0 Rabat \u00e0 partir de 09H00, sera l\u2019occasion de d\u00e9battre de plusieurs questions d\u2019actualit\u00e9 en relation avec la chose politique et partisane dans la perspective des prochaines \u00e9lections g\u00e9n\u00e9rales pr\u00e9vues dans le Royaume.<\/p>\n<p>Le Forum sera diffus\u00e9 en direct sur M24 et RIM-Radio, la cha\u00eene d\u2019information en continu de la MAP et sa radio d\u2019information, ainsi que via MAP-Live, sur le site web de l\u2019Agence \u00ab\u00a0mapexpress.ma\u00a0\u00bb et son compte Facebook.<\/p>\n<p>Cette rencontre se d\u00e9roulera dans le strict respect des mesures pr\u00e9ventives contre la Covid-19.<\/p>\n<p>Le Forum de la MAP est un espace de d\u00e9bat sur les questions d\u2019actualit\u00e9 politique, \u00e9conomique, culturelle et sociale. Des repr\u00e9sentants des pouvoirs publics et des personnalit\u00e9s de divers horizons ainsi que des repr\u00e9sentants des m\u00e9dias y sont convi\u00e9s.<\/p>\n<p>L\u2019article <a rel=\"nofollow\" href=\"http:\/\/albayane.press.ma\/mohammed-nabil-benabdellah-invite-demain-du-forum-de-la-map.html\">Mohammed Nabil Benabdellah, invit\u00e9 demain du Forum de la MAP<\/a> est apparu en premier sur <a rel=\"nofollow\" href=\"http:\/\/albayane.press.ma\/\">ALBAYANE<\/a>.<\/p>\n<\/div>\n<p>Auteur: M&rsquo;hammed rahal<br \/>\n<a href=\"http:\/\/albayane.press.ma\/mohammed-nabil-benabdellah-invite-demain-du-forum-de-la-map.html\">Cliquez ici pour lire l&rsquo;article depuis sa source.<\/a><\/p>\n","protected":false},"excerpt":{"rendered":"<p>Le secr\u00e9taire g\u00e9n\u00e9ral du Parti du Progr\u00e8s et du Socialisme (PPS), Mohammed Nabil Benabdellah, sera, demain mardi 20 juillet, l\u2019invit\u00e9 du Forum de la MAP, qui se tient sous le th\u00e8me \u00ab\u00a0Le PPS et les \u00e9lections de 2021 : les pr\u00e9paratifs et les perspectives\u00a0\u00bb. Cette rencontre, qui aura lieu au si\u00e8ge de la MAP \u00e0 [&hellip;]<\/p>\n","protected":false},"author":1760,"featured_media":0,"comment_status":"closed","ping_status":"closed","sticky":false,"template":"","format":"standard","meta":{"fifu_image_url":"","fifu_image_alt":"","footnotes":""},"categories":[73,54],"tags":[],"class_list":["post-121839","post","type-post","status-publish","format-standard","hentry","category-actualite","category-maroc"],"_links":{"self":[{"href":"https:\/\/linitiative.ca\/International\/wp-json\/wp\/v2\/posts\/121839","targetHints":{"allow":["GET"]}}],"collection":[{"href":"https:\/\/linitiative.ca\/International\/wp-json\/wp\/v2\/posts"}],"about":[{"href":"https:\/\/linitiative.ca\/International\/wp-json\/wp\/v2\/types\/post"}],"author":[{"embeddable":true,"href":"https:\/\/linitiative.ca\/International\/wp-json\/wp\/v2\/users\/1760"}],"replies":[{"embeddable":true,"href":"https:\/\/linitiative.ca\/International\/wp-json\/wp\/v2\/comments?post=121839"}],"version-history":[{"count":0,"href":"https:\/\/linitiative.ca\/International\/wp-json\/wp\/v2\/posts\/121839\/revisions"}],"wp:attachment":[{"href":"https:\/\/linitiative.ca\/International\/wp-json\/wp\/v2\/media?parent=121839"}],"wp:term":[{"taxonomy":"category","embeddable":true,"href":"https:\/\/linitiative.ca\/International\/wp-json\/wp\/v2\/categories?post=121839"},{"taxonomy":"post_tag","embeddable":true,"href":"https:\/\/linitiative.ca\/International\/wp-json\/wp\/v2\/tags?post=121839"}],"curies":[{"name":"wp","href":"https:\/\/api.w.org\/{rel}","templated":true}]}}