{"id":121840,"date":"2021-07-18T14:00:00","date_gmt":"2021-07-18T18:00:00","guid":{"rendered":"https:\/\/linitiative.ca\/International\/colloque-sur-quelles-politiques-publiques-pour-lavenir-de-la-presse-au-maroc\/"},"modified":"2021-07-18T14:00:00","modified_gmt":"2021-07-18T18:00:00","slug":"colloque-sur-quelles-politiques-publiques-pour-lavenir-de-la-presse-au-maroc","status":"publish","type":"post","link":"https:\/\/linitiative.ca\/International\/colloque-sur-quelles-politiques-publiques-pour-lavenir-de-la-presse-au-maroc\/","title":{"rendered":"Colloque sur \u00abQuelles politiques publiques pour l\u2019avenir de la presse au Maroc\u00bb"},"content":{"rendered":"<div>\n<p class=\"has-text-align-center has-vivid-red-color has-text-color\"><strong>Avec la participation <\/strong>d\u2019anciens ministres de la communication<\/p>\n<p class=\"has-vivid-cyan-blue-color has-text-color\"><strong>La F\u00e9d\u00e9ration Marocaine des Editeurs de Journaux (FMEJ) a organis\u00e9, samedi \u00e0 Marrakech, un colloque national autour du th\u00e8me \u00ab\u00a0Quelles politiques publiques pour l\u2019avenir de la presse au Maroc\u00a0\u00bb, occasion de mettre l\u2019accent sur l\u2019importance de d\u00e9velopper le secteur de la presse et des m\u00e9dias pour la mise en place du Nouveau Mod\u00e8le de D\u00e9veloppement.<\/strong><\/p>\n<p>Cette rencontre a \u00e9t\u00e9 organis\u00e9e en marge de l\u2019assembl\u00e9e g\u00e9n\u00e9rale constitutive de la section de la FMEJ dans la r\u00e9gion Marrakech-Safi, avec la participation d\u2019un parterre de personnalit\u00e9s notamment, d\u2019anciens ministres de la communication, qui ont mis en relief, \u00e0 cette occasion, le r\u00f4le important de la presse et des m\u00e9dias dans le soutien et le renforcement du pluralisme et la cons\u00e9cration de la d\u00e9mocratie.<\/p>\n<p>Dans ce cadre, le pr\u00e9sident de la FMEJ, M. Noureddine Miftah, a mis l\u2019accent sur le r\u00f4le de taille que joue la presse dans le processus de d\u00e9veloppement, soulignant l\u2019imp\u00e9ratif d\u2019engager la r\u00e9flexion sur un nouveau syst\u00e8me des m\u00e9dias notamment, apr\u00e8s la crise sanitaire ayant frapp\u00e9 de plein fouet le secteur de la presse nationale priv\u00e9e, en raison des mesures pr\u00e9ventives d\u00e9cr\u00e9t\u00e9es par les autorit\u00e9s comp\u00e9tentes pour endiguer la propagation de la pand\u00e9mie du nouveau coronavirus (Covid-19). Et de poursuivre que le secteur des m\u00e9dias a souffert d\u2019une crise structurelle, soulignant l\u2019imp\u00e9ratif pour tous de participer \u00e0 cette r\u00e9flexion sur l\u2019avenir de la presse au Maroc notamment, durant la phase post-Covid-19, afin d\u2019\u00e9laborer une nouvelle vision fond\u00e9e sur la franchise, la transparence et la cr\u00e9ativit\u00e9.<\/p>\n<p><strong>Benadallah\u00a0: \u00abpr\u00e9server l\u2019ind\u00e9pendance de la presse pour soutenir le pluralisme au Maroc\u00bb<\/strong><\/p>\n<p>De son c\u00f4t\u00e9, le Secr\u00e9taire g\u00e9n\u00e9ral du Parti du Progr\u00e8s et Socialisme (PPS) et ancien ministre de la communication, Mohamed Nabil Benadallah, a insist\u00e9 sur la n\u00e9cessit\u00e9 de pr\u00e9server l\u2019ind\u00e9pendance de la presse pour soutenir le pluralisme au Maroc, et d\u2019\u0153uvrer en vue d\u2019op\u00e9rer une nette s\u00e9paration entre le monde des affaires, les m\u00e9dias et la presse, et la politique, relevant que les partis politiques et le secteur de la presse et des m\u00e9dias s\u2019acquittent de r\u00f4les communs notamment, en ce qui concerne la promotion et la cons\u00e9cration des valeurs de d\u00e9mocratie et des libert\u00e9s.<\/p>\n<p>Dans ce contexte, M. Benabdallah a plaid\u00e9 en faveur de la poursuite du soutien public aux entreprises de presse et des m\u00e9dias, l\u2019identification des entreprises cibl\u00e9es, outre la mise en place d\u2019une politique m\u00e9diatique claire et susceptible de relever les d\u00e9fis et de s\u2019adapter au mieux, aux changements que connait le monde. Par ailleurs, il a estim\u00e9 qu\u2019en d\u00e9pit des mutations num\u00e9riques, la presse \u00e9crite continue toujours de jouir d\u2019une place importante, faisant observer que la question du recul des ventes des journaux est attribuable au niveau culturel plus pr\u00e9cis\u00e9ment, \u00e0 l\u2019absence de la culture de la lecture.<\/p>\n<p>Sur un autre registre, M. Benabdallah, a relev\u00e9 que le secteur des m\u00e9dias et de la presse b\u00e9n\u00e9ficie d\u2019un grand int\u00e9r\u00eat dans le cadre du Nouveau Mod\u00e8le de D\u00e9veloppement, appelant \u00e0 accorder un int\u00e9r\u00eat particulier \u00e0 l\u2019am\u00e9lioration des conditions socio-\u00e9conomiques des professionnels du secteur.<\/p>\n<p><strong>El Khalfi\u00a0: \u00abr\u00e9fl\u00e9chir sur la probl\u00e9matique juridique politique\u00bb<\/strong><\/p>\n<p>De son c\u00f4t\u00e9, M.Mustapha El Khalfi, membre du secr\u00e9tariat g\u00e9n\u00e9ral du Parti de la Justice et du d\u00e9veloppement (PJD) et ancien ministre de la communication, a indiqu\u00e9 que le Nouveau Mod\u00e8le de D\u00e9veloppement (NMD) a besoin d\u2019une nouvelle g\u00e9n\u00e9ration de r\u00e9formes dans le domaine des m\u00e9dias et de la presse, relevant que la transformation num\u00e9rique repr\u00e9sente un d\u00e9fi existentiel pour les m\u00e9dias et soul\u00e8ve la question claire sur la souverainet\u00e9 m\u00e9diatique. Ce d\u00e9fi existentiel auquel fait face le Maroc a des dimensions notamment, concernant les probl\u00e9matiques li\u00e9es \u00e0 la d\u00e9ontologie de la profession, insistant sur la n\u00e9cessit\u00e9 de r\u00e9fl\u00e9chir sur la probl\u00e9matique du mod\u00e8le \u00e9conomique de l\u2019entreprise m\u00e9diatique, ainsi que sur la probl\u00e9matique juridique politique, a-t-il ajout\u00e9. Dans ce sens, il a soulign\u00e9 la n\u00e9cessit\u00e9 d\u2019\u0153uvrer en vue de r\u00e9soudre ces probl\u00e9matiques et de se projeter \u00e0 l\u2019avenir en vue de reconsid\u00e9rer le r\u00f4le des m\u00e9dias dans la pr\u00e9servation de la souverainet\u00e9, la consolidation des libert\u00e9s, la protection du pluralisme et la r\u00e9alisation du progr\u00e8s escompt\u00e9. Apr\u00e8s avoir soulign\u00e9 que le soutien consacr\u00e9 \u00e0 la presse a \u00e9t\u00e9 li\u00e9 \u00e0 des mesures exceptionnelles adopt\u00e9es en raison des r\u00e9percussions de la pand\u00e9mie de la Covid-19, M. El Khalfi, a affirm\u00e9 que l\u2019imagination de la disparition de la presse \u00e9crite serait une aberration, \u00e9tant donn\u00e9 que c\u2019est cette presse \u00e9crite qui a fond\u00e9 les concepts de v\u00e9rification de l\u2019information, de rigueur dans la diffusion des infos et a soutenu le pluralisme en relayant toutes les opinions.<\/p>\n<p>Dans ce sillage, il a estim\u00e9 indispensable d\u2019engager une r\u00e9flexion nationale sur le mod\u00e8le \u00e9conomique de l\u2019entreprise de presse post-Covid-19, notant que le Maroc est concern\u00e9 par la consolidation et le renforcement des instances de gouvernance op\u00e9rant dans le secteur m\u00e9diatique.<\/p>\n<p><strong>Abyaba\u00a0: \u00abconcevoir un nouveau mod\u00e8le m\u00e9diatique\u00bb<\/strong><\/p>\n<p>Pour sa part, M. El Hassan Abyaba, membre du bureau politique de l\u2019Union Constitutionnelle (UC) et ancien ministre de la communication, a insist\u00e9 sur la n\u00e9cessit\u00e9 d\u2019op\u00e9rer une nette s\u00e9paration entre le m\u00e9tier de journalisme, la pratique des droits de l\u2019Homme et la pratique de l\u2019opposition car, a-t-il expliqu\u00e9, la pratique des droits de l\u2019homme a comme espace la soci\u00e9t\u00e9 civile, alors que l\u2019opposition s\u2019exercent par les partis politiques conform\u00e9ment \u00e0 la Constitution. Il a, de m\u00eame, estim\u00e9 que le secteur de la presse et des m\u00e9dias au Maroc a besoin, plus que jamais, d\u2019une r\u00e9forme profonde et qu\u2019il appartient \u00e0 la presse de concevoir un nouveau mod\u00e8le m\u00e9diatique, estimant que la r\u00e9forme ne peut s\u2019op\u00e9rer sans audace et un sens \u00e9lev\u00e9 de responsabilit\u00e9, afin qu\u2019on puisse parvenir au d\u00e9veloppement de ce secteur. Le recul de la vente des journaux en papier a \u00e9t\u00e9 in\u00e9luctable en raison de la transformation num\u00e9rique qui a envahi tous les aspects de la vie quotidienne, a expliqu\u00e9 M. Abyaba, notant que malgr\u00e9 ce constat, les journaux en papier gardent leur importance notamment pour les archives alors que ceux hebdomadaires ont une valeur ind\u00e9niable, a-t-il soutenu.<\/p>\n<p>Dans ce contexte, il a soulign\u00e9 la pertinence de d\u00e9velopper un secteur m\u00e9diatique public, \u00e0 m\u00eame de servir de \u00ab\u00a0locomotive\u00a0\u00bb pour l\u2019encadrement des citoyens et la diffusion de l\u2019information officielle, outre le d\u00e9veloppement d\u2019un secteur priv\u00e9 responsable de l\u2019information. Tout en affirmant que les m\u00e9dias constituent une partie de l\u2019op\u00e9ration d\u00e9mocratique, M. Abayba a estim\u00e9 que l\u2019appui aux m\u00e9dias doit leur servir d\u2019outil de travail et qu\u2019il doit \u00e9maner d\u2019une seule partie, en l\u2019occurrence : l\u2019Etat. Dans le m\u00eame contexte, M. Jamal Makmani, membre du bureau politique du Parti Authenticit\u00e9 et Modernit\u00e9 (PAM), s\u2019est interrog\u00e9 sur l\u2019avenir de la presse au Maroc, relevant que le secteur des m\u00e9dias et de la presse repr\u00e9sente une institution parmi d\u2019autres si importantes, en charge de la diffusion de l\u2019information et de l\u2019encadrement social des citoyens.<\/p>\n<p>Il s\u2019agit d\u2019un r\u00f4le \u00e9ducatif de premier rang par lequel, la soci\u00e9t\u00e9 assure son renouvellement en permanence, a-t-il enchain\u00e9, expliquant que la chose m\u00e9diatique ne concerne pas uniquement les journalistes mais, la soci\u00e9t\u00e9 dans son ensemble d\u2019o\u00f9, la n\u00e9cessit\u00e9 de tenir compte de toutes les visions concernant le secteur, lesquelles doivent \u00eatre sociales et consensuelles.<\/p>\n<p><strong>Rachidi\u00a0: \u00able syst\u00e8me m\u00e9diatique a connu une perturbation de son \u00e9quilibre\u00bb<\/strong><\/p>\n<p>Pour sa part, M. Abdeljabbar Rachidi, membre du comit\u00e9 ex\u00e9cutif du Parti de l\u2019Istiqlal, a fait remarquer que le syst\u00e8me m\u00e9diatique a connu une perturbation de son \u00e9quilibre, avec l\u2019\u00e9mergence de nouveaux acteurs dans le champ de la communication, et l\u2019apparition du ph\u00e9nom\u00e8ne de \u00ab\u00a0la presse du citoyen\u00a0\u00bb notamment, dans les r\u00e9seaux sociaux, et qui diffusent des infos, de mani\u00e8re instantan\u00e9e et orientent l\u2019opinion publique.<\/p>\n<p>La crise sanitaire mondiale induite par le nouveau coronavirus n\u2019a fait qu\u2019exacerber ces pratiques et a engendr\u00e9 un recul alarmant des ventes de journaux en papier, a-t-il d\u00e9plor\u00e9, appelant les journaux \u00e0 adapter leurs r\u00f4les au contexte actuel en faisant appel aux nouvelles technologies, et \u00e0 \u0153uvrer en vue de satisfaire les besoins nouveaux du public. Dans ce sens, il insist\u00e9 sur la n\u00e9cessit\u00e9 pour les journaux de s\u2019orienter vers de nouveaux genres journalistiques tr\u00e8s appr\u00e9ci\u00e9s des lecteurs, tels que l\u2019investigation journalistique, tout en s\u2019int\u00e9ressant \u00e0 l\u2019analyse des contenus et des discours ce qui ne pourra que consolider la d\u00e9mocratie.<\/p>\n<p>Les entreprises du secteur de la presse et des m\u00e9dias ne sont plus en mesure de r\u00e9sister en raison de ces changements, du recul du march\u00e9 de la publicit\u00e9, et de la fragilit\u00e9 du business plan des entreprises du secteur, ce qui a engendr\u00e9 une fragilit\u00e9 de la d\u00e9ontologie de la presse, a-t-il d\u00e9plor\u00e9. En marge de cette conf\u00e9rence, un vibrant hommage a \u00e9t\u00e9 rendu \u00e0 4 personnalit\u00e9s ayant marqu\u00e9 de leur empreinte, le secteur des m\u00e9dias et de la culture, par leurs \u00e9crits et contributions litt\u00e9raires et journalistiques riches et enrichissantes \u00e0 savoir : Abdeslam Bouserghini, Ibrahim Falaki, Ahmed Younsi Rifi et Habib Abouricha.<\/p>\n<p>Ce Colloque national a d\u00e9battu de la situation actuelle et de l\u2019avenir de la presse au Maroc \u00e0 la lumi\u00e8re des transformations num\u00e9riques ainsi que des r\u00e9percussions engendr\u00e9es par la pand\u00e9mie du nouveau coronavirus.<\/p>\n<p>La rencontre ambitionnait aussi de contribuer \u00e0 la r\u00e9flexion en cours sur le d\u00e9veloppement d\u2019un nouveau syst\u00e8me visant \u00e0 accompagner la presse nationale dans son action contre la crise structurelle et \u00e0 l\u2019aune des r\u00e9percussions de la pand\u00e9mie du coronavirus afin qu\u2019elle s\u2019acquitte de sa mission sociale.<\/p>\n<p>L\u2019article <a rel=\"nofollow\" href=\"http:\/\/albayane.press.ma\/colloque-sur-quelles-politiques-publiques-pour-lavenir-de-la-presse-au-maroc.html\">Colloque sur \u00abQuelles politiques publiques pour l\u2019avenir de la presse au Maroc\u00bb<\/a> est apparu en premier sur <a rel=\"nofollow\" href=\"http:\/\/albayane.press.ma\/\">ALBAYANE<\/a>.<\/p>\n<\/div>\n<p>Auteur: M&rsquo;hammed rahal<br \/>\n<a href=\"http:\/\/albayane.press.ma\/colloque-sur-quelles-politiques-publiques-pour-lavenir-de-la-presse-au-maroc.html\">Cliquez ici pour lire l&rsquo;article depuis sa source.<\/a><\/p>\n","protected":false},"excerpt":{"rendered":"<p>Avec la participation d\u2019anciens ministres de la communication La F\u00e9d\u00e9ration Marocaine des Editeurs de Journaux (FMEJ) a organis\u00e9, samedi \u00e0 Marrakech, un colloque national autour du th\u00e8me \u00ab\u00a0Quelles politiques publiques pour l\u2019avenir de la presse au Maroc\u00a0\u00bb, occasion de mettre l\u2019accent sur l\u2019importance de d\u00e9velopper le secteur de la presse et des m\u00e9dias pour la [&hellip;]<\/p>\n","protected":false},"author":1760,"featured_media":0,"comment_status":"closed","ping_status":"closed","sticky":false,"template":"","format":"standard","meta":{"fifu_image_url":"","fifu_image_alt":"","footnotes":""},"categories":[73,54],"tags":[],"class_list":["post-121840","post","type-post","status-publish","format-standard","hentry","category-actualite","category-maroc"],"_links":{"self":[{"href":"https:\/\/linitiative.ca\/International\/wp-json\/wp\/v2\/posts\/121840","targetHints":{"allow":["GET"]}}],"collection":[{"href":"https:\/\/linitiative.ca\/International\/wp-json\/wp\/v2\/posts"}],"about":[{"href":"https:\/\/linitiative.ca\/International\/wp-json\/wp\/v2\/types\/post"}],"author":[{"embeddable":true,"href":"https:\/\/linitiative.ca\/International\/wp-json\/wp\/v2\/users\/1760"}],"replies":[{"embeddable":true,"href":"https:\/\/linitiative.ca\/International\/wp-json\/wp\/v2\/comments?post=121840"}],"version-history":[{"count":0,"href":"https:\/\/linitiative.ca\/International\/wp-json\/wp\/v2\/posts\/121840\/revisions"}],"wp:attachment":[{"href":"https:\/\/linitiative.ca\/International\/wp-json\/wp\/v2\/media?parent=121840"}],"wp:term":[{"taxonomy":"category","embeddable":true,"href":"https:\/\/linitiative.ca\/International\/wp-json\/wp\/v2\/categories?post=121840"},{"taxonomy":"post_tag","embeddable":true,"href":"https:\/\/linitiative.ca\/International\/wp-json\/wp\/v2\/tags?post=121840"}],"curies":[{"name":"wp","href":"https:\/\/api.w.org\/{rel}","templated":true}]}}