{"id":121842,"date":"2021-07-18T14:00:00","date_gmt":"2021-07-18T18:00:00","guid":{"rendered":"https:\/\/linitiative.ca\/International\/la-fmej-se-dote-dune-representation-dans-la-region-marrakech-safi\/"},"modified":"2021-07-18T14:00:00","modified_gmt":"2021-07-18T18:00:00","slug":"la-fmej-se-dote-dune-representation-dans-la-region-marrakech-safi","status":"publish","type":"post","link":"https:\/\/linitiative.ca\/International\/la-fmej-se-dote-dune-representation-dans-la-region-marrakech-safi\/","title":{"rendered":"La FMEJ se dote d\u2019une repr\u00e9sentation dans la r\u00e9gion Marrakech-Safi"},"content":{"rendered":"<div>\n<p class=\"has-text-align-center has-vivid-red-color has-text-color\">Lors de son assembl\u00e9e g\u00e9n\u00e9rale \u00e0 Marrakech<\/p>\n<p class=\"has-text-color\" style=\"color:#0638e5\"><strong>La F\u00e9d\u00e9ration Marocaine des Editeurs de Journaux (FMEJ) vient de se doter d\u2019une nouvelle repr\u00e9sentation dans la r\u00e9gion Marrakech-Safi.<\/strong><\/p>\n<p>Dans ce cadre, une assembl\u00e9e g\u00e9n\u00e9rale constitutive de la section de la FMEJ dans la r\u00e9gion Marrakech-Safi a \u00e9t\u00e9 tenue, vendredi dans la cit\u00e9 ocre, en pr\u00e9sence du pr\u00e9sident de ladite F\u00e9d\u00e9ration, M. Noureddine Miftah, des membres du bureau ex\u00e9cutif, de pr\u00e9sidents de sections r\u00e9gionales, ainsi que des \u00e9diteurs accr\u00e9dit\u00e9s dans toutes les villes de la r\u00e9gion.<\/p>\n<p>A cette occasion, il a \u00e9t\u00e9 proc\u00e9d\u00e9 \u00e0 l\u2019\u00e9lection de M. Brahim Sroute, directeur du Journal \u00ab\u00a0Al Intifada Min Ajl Al Hadata\u00a0\u00bb en tant que pr\u00e9sident de cette nouvelle repr\u00e9sentation r\u00e9gionale de la FMEJ, la sixi\u00e8me du genre cr\u00e9\u00e9e apr\u00e8s celles de La\u00e2youne-Sakia El Hamra, Dakhla-Oued Ed-Dahab, Guelmim-Oued Noun, de la r\u00e9gion de l\u2019Oriental et de Tanger-T\u00e9touan-Al Hoceima.<\/p>\n<p>Cette initiative s\u2019ins\u00e8re dans le sillage des engagements arr\u00eat\u00e9s par la FMEJ, il y a un an, lors de l\u2019Assembl\u00e9e g\u00e9n\u00e9rale extraordinaire, relatifs au renforcement des m\u00e9dias de proximit\u00e9 r\u00e9gionale.<\/p>\n<p>La cr\u00e9ation de repr\u00e9sentations r\u00e9gionales de la FMEJ s\u2019inscrit de m\u00eame, dans un vaste processus de restructuration que la F\u00e9d\u00e9ration m\u00e8ne, et illustre sa prise de conscience que l\u2019avenir du journalisme au Maroc est intimement li\u00e9 \u00e0 l\u2019int\u00e9gration des m\u00e9dias r\u00e9gionaux dans le d\u00e9veloppement local.<\/p>\n<p>En marge de cette assembl\u00e9e g\u00e9n\u00e9rale constitutive de l\u2019antenne r\u00e9gionale de Marrakech-Safi une c\u00e9r\u00e9monie a \u00e9t\u00e9 organis\u00e9e \u00e0 l\u2019initiative de la FMEJ, le temps de rendre un vibrant hommage \u00e0 deux personnalit\u00e9s ayant marqu\u00e9e de leur empreinte, le secteur des m\u00e9dias et de la culture, par leurs \u00e9crits et contributions litt\u00e9raires et journalistiques riches et enrichissantes \u00e0 savoir : Mme Malika Assimi, et M. Abderrafie Jouahri.<\/p>\n<p>L\u2019assembl\u00e9e g\u00e9n\u00e9rale a proc\u00e9d\u00e9 \u00e0 l\u2019\u00e9lection d\u2019un pr\u00e9sident du bureau de la section r\u00e9gionale Marrakech-Safi en tenant compte de la repr\u00e9sentativit\u00e9 provinciale et de l\u2019approche genre, signant ainsi la naissance d\u2019une sixi\u00e8me section r\u00e9gionale de la FMEJ et ce, dans une ambiance emprunte de franchise, d\u2019excellence sur le plan organisationnel, et d\u2019expression des pr\u00e9occupations professionnelles, ainsi que du souci de qualification du secteur.<\/p>\n<p>A noter que la nouvelle repr\u00e9sentation de la FMEJ dans la r\u00e9gion Marrakech- Safi est la sixi\u00e8me du genre cr\u00e9\u00e9e apr\u00e8s celles de La\u00e2youne-Sakia El Hamra, Dakhla-Oued Ed-Dahab, Guelmim-Oued Noun, de la r\u00e9gion de l\u2019Oriental et de Tanger-T\u00e9touan-Al Hoceima\u00a0\u00bb.<\/p>\n<p class=\"has-text-align-center has-vivid-red-color has-text-color\"><strong>Le bureau de la section<\/strong><\/p>\n<ul>\n<li>\u00a0Brahim Sroute, pr\u00e9sident de la section r\u00e9gionale<\/li>\n<li>Mustapha Ghilmane, Brik Aboudi, Youssef Al Mourih, Khalid Jay, Nabil El Khafiki, Nawal El Jaouhari, Said Jadyani, et Mustapha Benslimane\u00a0:<\/li>\n<\/ul>\n<p><strong>Vice-pr\u00e9sidents.<\/strong><\/p>\n<ul>\n<li>\u00a0Najwa Benhida, Secr\u00e9taire g\u00e9n\u00e9rale<\/li>\n<li>Abderrahim Achir et Akram Darjoune, vice-secr\u00e9taire g\u00e9n\u00e9ral.<\/li>\n<li>\u00a0Noureddine Bazine, tr\u00e9sorier<\/li>\n<li>\u00a0Abderezzak Oulami (vice-tr\u00e9sorier)<\/li>\n<li>\u00a0Driss El Kahlaoui (vice-tr\u00e9sorier)<\/li>\n<li>Mourchid Derraji, Fatima Mahda, Mohamed El Kanour, El Mostapha Bakbachi, Abdelkrim El Allawi, Elarbi Ben Albout, Hassan Attalagh, et Said Berkhiss, charg\u00e9s de mission.<\/li>\n<li>\u00a0<\/li>\n<\/ul>\n<p>L\u2019article <a rel=\"nofollow\" href=\"http:\/\/albayane.press.ma\/la-fmej-se-dote-dune-representation-dans-la-region-marrakech-safi.html\">La FMEJ se dote d\u2019une repr\u00e9sentation dans la r\u00e9gion Marrakech-Safi<\/a> est apparu en premier sur <a rel=\"nofollow\" href=\"http:\/\/albayane.press.ma\/\">ALBAYANE<\/a>.<\/p>\n<\/div>\n<p>Auteur: M&rsquo;hammed rahal<br \/>\n<a href=\"http:\/\/albayane.press.ma\/la-fmej-se-dote-dune-representation-dans-la-region-marrakech-safi.html\">Cliquez ici pour lire l&rsquo;article depuis sa source.<\/a><\/p>\n","protected":false},"excerpt":{"rendered":"<p>Lors de son assembl\u00e9e g\u00e9n\u00e9rale \u00e0 Marrakech La F\u00e9d\u00e9ration Marocaine des Editeurs de Journaux (FMEJ) vient de se doter d\u2019une nouvelle repr\u00e9sentation dans la r\u00e9gion Marrakech-Safi. Dans ce cadre, une assembl\u00e9e g\u00e9n\u00e9rale constitutive de la section de la FMEJ dans la r\u00e9gion Marrakech-Safi a \u00e9t\u00e9 tenue, vendredi dans la cit\u00e9 ocre, en pr\u00e9sence du pr\u00e9sident [&hellip;]<\/p>\n","protected":false},"author":1760,"featured_media":0,"comment_status":"closed","ping_status":"closed","sticky":false,"template":"","format":"standard","meta":{"fifu_image_url":"","fifu_image_alt":"","footnotes":""},"categories":[73,54],"tags":[],"class_list":["post-121842","post","type-post","status-publish","format-standard","hentry","category-actualite","category-maroc"],"_links":{"self":[{"href":"https:\/\/linitiative.ca\/International\/wp-json\/wp\/v2\/posts\/121842","targetHints":{"allow":["GET"]}}],"collection":[{"href":"https:\/\/linitiative.ca\/International\/wp-json\/wp\/v2\/posts"}],"about":[{"href":"https:\/\/linitiative.ca\/International\/wp-json\/wp\/v2\/types\/post"}],"author":[{"embeddable":true,"href":"https:\/\/linitiative.ca\/International\/wp-json\/wp\/v2\/users\/1760"}],"replies":[{"embeddable":true,"href":"https:\/\/linitiative.ca\/International\/wp-json\/wp\/v2\/comments?post=121842"}],"version-history":[{"count":0,"href":"https:\/\/linitiative.ca\/International\/wp-json\/wp\/v2\/posts\/121842\/revisions"}],"wp:attachment":[{"href":"https:\/\/linitiative.ca\/International\/wp-json\/wp\/v2\/media?parent=121842"}],"wp:term":[{"taxonomy":"category","embeddable":true,"href":"https:\/\/linitiative.ca\/International\/wp-json\/wp\/v2\/categories?post=121842"},{"taxonomy":"post_tag","embeddable":true,"href":"https:\/\/linitiative.ca\/International\/wp-json\/wp\/v2\/tags?post=121842"}],"curies":[{"name":"wp","href":"https:\/\/api.w.org\/{rel}","templated":true}]}}