{"id":121843,"date":"2021-07-18T14:00:00","date_gmt":"2021-07-18T18:00:00","guid":{"rendered":"https:\/\/linitiative.ca\/International\/pandemie-crainte-dun-cluster-aux-jo-les-mesures-se-multiplient-en-europe\/"},"modified":"2021-07-18T14:00:00","modified_gmt":"2021-07-18T18:00:00","slug":"pandemie-crainte-dun-cluster-aux-jo-les-mesures-se-multiplient-en-europe","status":"publish","type":"post","link":"https:\/\/linitiative.ca\/International\/pandemie-crainte-dun-cluster-aux-jo-les-mesures-se-multiplient-en-europe\/","title":{"rendered":"Pand\u00e9mie: crainte d\u2019un cluster aux JO, les mesures se multiplient en Europe"},"content":{"rendered":"<div>\n<p class=\"has-text-color\" style=\"color:#064ae5\"><strong>Un casse-t\u00eate s\u2019annonce pour les Jeux Olympiques de Tokyo, confront\u00e9s dimanche \u00e0 un premier foyer de contamination au Covid-19, tandis que les pays europ\u00e9ens tente de contenir un rebond attendu de l\u2019\u00e9pid\u00e9mie avec le durcissement des conditions d\u2019acc\u00e8s en France et au Royaume-Uni.<\/strong><\/p>\n<p>A cinq jours de l\u2019ouverture des JO, les organisateurs ont d\u00e9tect\u00e9 deux sportifs infect\u00e9s au sein du Village olympique, apr\u00e8s avoir annonc\u00e9 la veille le tout premier cas positif \u2013 d\u2019un membre de l\u2019encadrement \u2013 dans cette immense r\u00e9sidence embl\u00e9matique des Jeux.<\/p>\n<p>Ces trois contaminations concernent \u00ab\u00a0le m\u00eame pays et le m\u00eame sport\u00a0\u00bb, a r\u00e9v\u00e9l\u00e9 dimanche un porte-parole du comit\u00e9 d\u2019organisation, sans plus de d\u00e9tails.<\/p>\n<p>Ce premier foyer au sein du Village olympique illustre la crainte de contaminations en cascade, mettant \u00e0 l\u2019\u00e9preuve les mesures anti-Covid pr\u00e9par\u00e9es depuis des mois.<\/p>\n<p>L\u2019Union europ\u00e9enne, elle, esp\u00e8re que le r\u00e9cent durcissement des mesures sanitaires dans certains Etats membres portera ses fruits face au virulent variant Delta, et peut au moins se r\u00e9jouir sur un point: avoir d\u00e9pass\u00e9 les Etats-Unis pour le taux de population ayant re\u00e7u au moins une dose de vaccin.<\/p>\n<p>Longtemps \u00e0 la tra\u00eene sur la vaccination, \u00ab\u00a0l\u2019UE a aujourd\u2019hui vaccin\u00e9 une plus grande part de sa population en premi\u00e8re dose que les Etats-Unis (55,5%\/55,4%)\u00a0\u00bb, a affirm\u00e9 le secr\u00e9taire d\u2019Etat fran\u00e7ais aux Affaires europ\u00e9ennes, Cl\u00e9ment Beaune, sur Twitter. \u00ab\u00a0On continue, on acc\u00e9l\u00e8re!\u00a0\u00bb, a-t-il ajout\u00e9.<\/p>\n<p>En Espagne, le Premier ministre Pedro S\u00e1nchez a promis samedi que la moiti\u00e9 de la population serait enti\u00e8rement vaccin\u00e9e la semaine prochaine et a r\u00e9it\u00e9r\u00e9 son objectif d\u2019atteindre 70% d\u2019ici la fin de l\u2019\u00e9t\u00e9.<\/p>\n<p>Au lendemain de la mise en place d\u2019un couvre-feu nocturne en Catalogne, c\u2019est au tour de l\u2019\u00eele grecque de Mykonos, symbole des nuits festives, de r\u00e9tablir certaines restrictions, dont un couvre-feu entre 01H00 et 06H00.<\/p>\n<p>La France a impos\u00e9 quant \u00e0 elle d\u00e8s minuit samedi des tests du Covid-19 de moins de 24 heures aux voyageurs non vaccin\u00e9s en provenance du Royaume-Uni, de l\u2019Espagne, du Portugal, de Chypre, de la Gr\u00e8ce et des Pays-Bas. Jusqu\u2019\u00e0 pr\u00e9sent des tests de 72 heures \u00e9taient accept\u00e9s, sauf pour ceux venant du Royaume-Uni qui devaient pr\u00e9senter un test de moins de 48H.<\/p>\n<p>La France a \u00e9galement \u00e9largi sa liste des pays \u00ab\u00a0rouges\u00a0\u00bb \u00e0 de nouveaux pays: la Tunisie, le Mozambique, Cuba et l\u2019Indon\u00e9sie.<\/p>\n<p>Le port du masque en ext\u00e9rieur fera aussi son retour dans certaines r\u00e9gions de l\u2019Est et du Sud-Ouest du pays.<\/p>\n<p>Plusieurs cort\u00e8ges ont d\u00e9fil\u00e9 samedi \u00e0 Paris et dans plusieurs grandes villes pour d\u00e9noncer la \u00ab\u00a0dictature\u00a0\u00bb sanitaire impos\u00e9e, selon eux, par M. Macron et des mesures qu\u2019ils consid\u00e8rent comme liberticides. Ces derni\u00e8res sont toutefois admises par une tr\u00e8s large majorit\u00e9 de Fran\u00e7ais, selon un sondage.<\/p>\n<p>Inquiet de la \u00ab\u00a0pr\u00e9sence persistante\u00a0\u00bb en France du variant Beta, identifi\u00e9 pour la premi\u00e8re fois en Afrique du Sud, le gouvernement britannique a lui d\u00e9cid\u00e9 de soumettre ceux qui en viennent \u00e0 une quarantaine, m\u00eame s\u2019ils sont vaccin\u00e9s.<\/p>\n<p>L\u2019article <a rel=\"nofollow\" href=\"http:\/\/albayane.press.ma\/pandemie-crainte-dun-cluster-aux-jo-les-mesures-se-multiplient-en-europe.html\">Pand\u00e9mie: crainte d\u2019un cluster aux JO, les mesures se multiplient en Europe<\/a> est apparu en premier sur <a rel=\"nofollow\" href=\"http:\/\/albayane.press.ma\/\">ALBAYANE<\/a>.<\/p>\n<\/div>\n<p>Auteur: M&rsquo;hammed rahal<br \/>\n<a href=\"http:\/\/albayane.press.ma\/pandemie-crainte-dun-cluster-aux-jo-les-mesures-se-multiplient-en-europe.html\">Cliquez ici pour lire l&rsquo;article depuis sa source.<\/a><\/p>\n","protected":false},"excerpt":{"rendered":"<p>Un casse-t\u00eate s\u2019annonce pour les Jeux Olympiques de Tokyo, confront\u00e9s dimanche \u00e0 un premier foyer de contamination au Covid-19, tandis que les pays europ\u00e9ens tente de contenir un rebond attendu de l\u2019\u00e9pid\u00e9mie avec le durcissement des conditions d\u2019acc\u00e8s en France et au Royaume-Uni. A cinq jours de l\u2019ouverture des JO, les organisateurs ont d\u00e9tect\u00e9 deux [&hellip;]<\/p>\n","protected":false},"author":1760,"featured_media":0,"comment_status":"closed","ping_status":"closed","sticky":false,"template":"","format":"standard","meta":{"fifu_image_url":"","fifu_image_alt":"","footnotes":""},"categories":[73,54],"tags":[],"class_list":["post-121843","post","type-post","status-publish","format-standard","hentry","category-actualite","category-maroc"],"_links":{"self":[{"href":"https:\/\/linitiative.ca\/International\/wp-json\/wp\/v2\/posts\/121843","targetHints":{"allow":["GET"]}}],"collection":[{"href":"https:\/\/linitiative.ca\/International\/wp-json\/wp\/v2\/posts"}],"about":[{"href":"https:\/\/linitiative.ca\/International\/wp-json\/wp\/v2\/types\/post"}],"author":[{"embeddable":true,"href":"https:\/\/linitiative.ca\/International\/wp-json\/wp\/v2\/users\/1760"}],"replies":[{"embeddable":true,"href":"https:\/\/linitiative.ca\/International\/wp-json\/wp\/v2\/comments?post=121843"}],"version-history":[{"count":0,"href":"https:\/\/linitiative.ca\/International\/wp-json\/wp\/v2\/posts\/121843\/revisions"}],"wp:attachment":[{"href":"https:\/\/linitiative.ca\/International\/wp-json\/wp\/v2\/media?parent=121843"}],"wp:term":[{"taxonomy":"category","embeddable":true,"href":"https:\/\/linitiative.ca\/International\/wp-json\/wp\/v2\/categories?post=121843"},{"taxonomy":"post_tag","embeddable":true,"href":"https:\/\/linitiative.ca\/International\/wp-json\/wp\/v2\/tags?post=121843"}],"curies":[{"name":"wp","href":"https:\/\/api.w.org\/{rel}","templated":true}]}}