{"id":121853,"date":"2021-07-19T11:03:03","date_gmt":"2021-07-19T15:03:03","guid":{"rendered":"https:\/\/linitiative.ca\/International\/vague-de-chaleur-les-villes-qui-seront-concernees\/"},"modified":"2021-07-19T11:03:03","modified_gmt":"2021-07-19T15:03:03","slug":"vague-de-chaleur-les-villes-qui-seront-concernees","status":"publish","type":"post","link":"https:\/\/linitiative.ca\/International\/vague-de-chaleur-les-villes-qui-seront-concernees\/","title":{"rendered":"Vague de chaleur: Les villes qui seront concern\u00e9es"},"content":{"rendered":"<div>\n<div class=\"field field-name-body field-type-text-with-summary field-label-hidden\">\n<div class=\"field-items\">\n<div class=\"field-item even\" property=\"content:encoded\">\n<p class=\"rtejustify\">Une nouvelle vague de chaleur est pr\u00e9vue de mercredi \u00e0 samedi dans plusieurs provinces du Royaume, a annonc\u00e9 lundi la Direction g\u00e9n\u00e9rale de la m\u00e9t\u00e9orologie (DGM). Cette hausse des temp\u00e9ratures touchera, mercredi, l\u2019int\u00e9rieur du Souss, tandis que des temp\u00e9ratures allant de 42 \u00e0 45\u00b0C concerneront jeudi Assa Zag, Beni Mellal, El Kelaa des Sraghna, Es-Smara, Fquih Ben Saleh, Guelmim, Khenifra, Kourobga, Marrakech, Rehamna, Settat, Sidi Ifni, Taroudant, Tata et Zagora, a pr\u00e9cis\u00e9 la DGM dans un bulletin d&rsquo;alerte m\u00e9t\u00e9orologiquee.<\/p>\n<\/div>\n<\/div>\n<\/div>\n<\/div>\n<p>Auteur: hgueye<br \/>\n<a href=\"https:\/\/www.leconomiste.com\/flash-infos\/vague-de-chaleur-les-villes-qui-seront-concernees\">Cliquez ici pour lire l&rsquo;article depuis sa source.<\/a><\/p>\n","protected":false},"excerpt":{"rendered":"<p>Une nouvelle vague de chaleur est pr\u00e9vue de mercredi \u00e0 samedi dans plusieurs provinces du Royaume, a annonc\u00e9 lundi la Direction g\u00e9n\u00e9rale de la m\u00e9t\u00e9orologie (DGM). Cette hausse des temp\u00e9ratures touchera, mercredi, l\u2019int\u00e9rieur du Souss, tandis que des temp\u00e9ratures allant de 42 \u00e0 45\u00b0C concerneront jeudi Assa Zag, Beni Mellal, El Kelaa des Sraghna, Es-Smara, [&hellip;]<\/p>\n","protected":false},"author":1763,"featured_media":0,"comment_status":"closed","ping_status":"closed","sticky":false,"template":"","format":"standard","meta":{"fifu_image_url":"","fifu_image_alt":"","footnotes":""},"categories":[78,54],"tags":[],"class_list":["post-121853","post","type-post","status-publish","format-standard","hentry","category-economie","category-maroc"],"_links":{"self":[{"href":"https:\/\/linitiative.ca\/International\/wp-json\/wp\/v2\/posts\/121853","targetHints":{"allow":["GET"]}}],"collection":[{"href":"https:\/\/linitiative.ca\/International\/wp-json\/wp\/v2\/posts"}],"about":[{"href":"https:\/\/linitiative.ca\/International\/wp-json\/wp\/v2\/types\/post"}],"author":[{"embeddable":true,"href":"https:\/\/linitiative.ca\/International\/wp-json\/wp\/v2\/users\/1763"}],"replies":[{"embeddable":true,"href":"https:\/\/linitiative.ca\/International\/wp-json\/wp\/v2\/comments?post=121853"}],"version-history":[{"count":0,"href":"https:\/\/linitiative.ca\/International\/wp-json\/wp\/v2\/posts\/121853\/revisions"}],"wp:attachment":[{"href":"https:\/\/linitiative.ca\/International\/wp-json\/wp\/v2\/media?parent=121853"}],"wp:term":[{"taxonomy":"category","embeddable":true,"href":"https:\/\/linitiative.ca\/International\/wp-json\/wp\/v2\/categories?post=121853"},{"taxonomy":"post_tag","embeddable":true,"href":"https:\/\/linitiative.ca\/International\/wp-json\/wp\/v2\/tags?post=121853"}],"curies":[{"name":"wp","href":"https:\/\/api.w.org\/{rel}","templated":true}]}}