{"id":121855,"date":"2021-07-19T12:19:53","date_gmt":"2021-07-19T16:19:53","guid":{"rendered":"https:\/\/linitiative.ca\/International\/formation-professionnelle-la-3e-tranche-de-la-bourse-versee\/"},"modified":"2021-07-19T12:19:53","modified_gmt":"2021-07-19T16:19:53","slug":"formation-professionnelle-la-3e-tranche-de-la-bourse-versee","status":"publish","type":"post","link":"https:\/\/linitiative.ca\/International\/formation-professionnelle-la-3e-tranche-de-la-bourse-versee\/","title":{"rendered":"Formation professionnelle: La 3e tranche de la bourse vers\u00e9e"},"content":{"rendered":"<div>\n<div class=\"field field-name-body field-type-text-with-summary field-label-hidden\">\n<div class=\"field-items\">\n<div class=\"field-item even\" property=\"content:encoded\">\n<p class=\"rtejustify\">L\u2019Office de la formation professionnelle et de la promotion du travail (OFPPT) annonce le versement de la troisi\u00e8me tranche de la bourse au titre de l\u2019ann\u00e9e de formation 2020-2021, \u00e0 partir de ce\u00a0lundi 19 juillet 2021, au profit des stagiaires en 1\u00e8re et 2\u00e8me ann\u00e9e de formation. Cette bourse b\u00e9n\u00e9ficiera \u00e0 30.503 stagiaires qui poursuivent leurs formations dans les niveaux de technicien et technicien sp\u00e9cialis\u00e9 relevant des diff\u00e9rents \u00e9tablissements de formation professionnelle, pour une enveloppe budg\u00e9taire de 51,2 millions de DH, pr\u00e9cise l&rsquo;Office.<\/p>\n<\/div>\n<\/div>\n<\/div>\n<\/div>\n<p>Auteur: hgueye<br \/>\n<a href=\"https:\/\/www.leconomiste.com\/flash-infos\/formation-professionnelle-la-3e-tranche-de-la-bourse-versee\">Cliquez ici pour lire l&rsquo;article depuis sa source.<\/a><\/p>\n","protected":false},"excerpt":{"rendered":"<p>L\u2019Office de la formation professionnelle et de la promotion du travail (OFPPT) annonce le versement de la troisi\u00e8me tranche de la bourse au titre de l\u2019ann\u00e9e de formation 2020-2021, \u00e0 partir de ce\u00a0lundi 19 juillet 2021, au profit des stagiaires en 1\u00e8re et 2\u00e8me ann\u00e9e de formation. Cette bourse b\u00e9n\u00e9ficiera \u00e0 30.503 stagiaires qui poursuivent [&hellip;]<\/p>\n","protected":false},"author":1763,"featured_media":0,"comment_status":"closed","ping_status":"closed","sticky":false,"template":"","format":"standard","meta":{"fifu_image_url":"","fifu_image_alt":"","footnotes":""},"categories":[78,54],"tags":[],"class_list":["post-121855","post","type-post","status-publish","format-standard","hentry","category-economie","category-maroc"],"_links":{"self":[{"href":"https:\/\/linitiative.ca\/International\/wp-json\/wp\/v2\/posts\/121855","targetHints":{"allow":["GET"]}}],"collection":[{"href":"https:\/\/linitiative.ca\/International\/wp-json\/wp\/v2\/posts"}],"about":[{"href":"https:\/\/linitiative.ca\/International\/wp-json\/wp\/v2\/types\/post"}],"author":[{"embeddable":true,"href":"https:\/\/linitiative.ca\/International\/wp-json\/wp\/v2\/users\/1763"}],"replies":[{"embeddable":true,"href":"https:\/\/linitiative.ca\/International\/wp-json\/wp\/v2\/comments?post=121855"}],"version-history":[{"count":0,"href":"https:\/\/linitiative.ca\/International\/wp-json\/wp\/v2\/posts\/121855\/revisions"}],"wp:attachment":[{"href":"https:\/\/linitiative.ca\/International\/wp-json\/wp\/v2\/media?parent=121855"}],"wp:term":[{"taxonomy":"category","embeddable":true,"href":"https:\/\/linitiative.ca\/International\/wp-json\/wp\/v2\/categories?post=121855"},{"taxonomy":"post_tag","embeddable":true,"href":"https:\/\/linitiative.ca\/International\/wp-json\/wp\/v2\/tags?post=121855"}],"curies":[{"name":"wp","href":"https:\/\/api.w.org\/{rel}","templated":true}]}}