{"id":121856,"date":"2021-07-19T12:29:22","date_gmt":"2021-07-19T16:29:22","guid":{"rendered":"https:\/\/linitiative.ca\/International\/elections-des-membres-des-chambres-professionnelles-les-dates-pour-deposer-les-candidatures\/"},"modified":"2021-07-19T12:29:22","modified_gmt":"2021-07-19T16:29:22","slug":"elections-des-membres-des-chambres-professionnelles-les-dates-pour-deposer-les-candidatures","status":"publish","type":"post","link":"https:\/\/linitiative.ca\/International\/elections-des-membres-des-chambres-professionnelles-les-dates-pour-deposer-les-candidatures\/","title":{"rendered":"Elections des membres des chambres professionnelles: les dates pour d\u00e9poser les candidatures"},"content":{"rendered":"<div>\n<div class=\"field field-name-body field-type-text-with-summary field-label-hidden\">\n<div class=\"field-items\">\n<div class=\"field-item even\" property=\"content:encoded\">\n<p class=\"rtejustify\">La p\u00e9riode de\u00a0d\u00e9p\u00f4t des candidatures pour les \u00e9lections des membres des chambres professionnelles d\u00e9butera le vendredi 23 juillet 2021 et se poursuivra jusqu&rsquo;au 27 \u00e0 12H00, indique lundi un communiqu\u00e9 du ministre de l&rsquo;int\u00e9rieur.<\/p>\n<\/div>\n<\/div>\n<\/div>\n<\/div>\n<p>Auteur: hgueye<br \/>\n<a href=\"https:\/\/www.leconomiste.com\/flash-infos\/elections-des-membres-des-chambres-professionnelles-les-dates-pour-deposer-les\">Cliquez ici pour lire l&rsquo;article depuis sa source.<\/a><\/p>\n","protected":false},"excerpt":{"rendered":"<p>La p\u00e9riode de\u00a0d\u00e9p\u00f4t des candidatures pour les \u00e9lections des membres des chambres professionnelles d\u00e9butera le vendredi 23 juillet 2021 et se poursuivra jusqu&rsquo;au 27 \u00e0 12H00, indique lundi un communiqu\u00e9 du ministre de l&rsquo;int\u00e9rieur. Auteur: hgueye Cliquez ici pour lire l&rsquo;article depuis sa source.<\/p>\n","protected":false},"author":1763,"featured_media":0,"comment_status":"closed","ping_status":"closed","sticky":false,"template":"","format":"standard","meta":{"fifu_image_url":"","fifu_image_alt":"","footnotes":""},"categories":[78,54],"tags":[],"class_list":["post-121856","post","type-post","status-publish","format-standard","hentry","category-economie","category-maroc"],"_links":{"self":[{"href":"https:\/\/linitiative.ca\/International\/wp-json\/wp\/v2\/posts\/121856","targetHints":{"allow":["GET"]}}],"collection":[{"href":"https:\/\/linitiative.ca\/International\/wp-json\/wp\/v2\/posts"}],"about":[{"href":"https:\/\/linitiative.ca\/International\/wp-json\/wp\/v2\/types\/post"}],"author":[{"embeddable":true,"href":"https:\/\/linitiative.ca\/International\/wp-json\/wp\/v2\/users\/1763"}],"replies":[{"embeddable":true,"href":"https:\/\/linitiative.ca\/International\/wp-json\/wp\/v2\/comments?post=121856"}],"version-history":[{"count":0,"href":"https:\/\/linitiative.ca\/International\/wp-json\/wp\/v2\/posts\/121856\/revisions"}],"wp:attachment":[{"href":"https:\/\/linitiative.ca\/International\/wp-json\/wp\/v2\/media?parent=121856"}],"wp:term":[{"taxonomy":"category","embeddable":true,"href":"https:\/\/linitiative.ca\/International\/wp-json\/wp\/v2\/categories?post=121856"},{"taxonomy":"post_tag","embeddable":true,"href":"https:\/\/linitiative.ca\/International\/wp-json\/wp\/v2\/tags?post=121856"}],"curies":[{"name":"wp","href":"https:\/\/api.w.org\/{rel}","templated":true}]}}