{"id":121858,"date":"2021-07-19T10:30:00","date_gmt":"2021-07-19T14:30:00","guid":{"rendered":"https:\/\/linitiative.ca\/International\/inter-les-nerazzurri-poussent-pour-nandez\/"},"modified":"2021-07-19T10:30:00","modified_gmt":"2021-07-19T14:30:00","slug":"inter-les-nerazzurri-poussent-pour-nandez","status":"publish","type":"post","link":"https:\/\/linitiative.ca\/International\/inter-les-nerazzurri-poussent-pour-nandez\/","title":{"rendered":"Inter : les Nerazzurri poussent pour N\u00e1ndez"},"content":{"rendered":"<div>Sacr\u00e9 champion d\u2019Italie au terme d\u2019une saison diablement aboutie, l\u2019Inter Milan va maintenant devoir op\u00e9rer les bons choix sur ce mercato d\u2019\u00e9t\u00e9 pour garder sa comp\u00e9titivit\u00e9 et r\u00e9ussir \u00e0 se renforcer.<img loading=\"lazy\" decoding=\"async\" src=\"http:\/\/feeds.feedburner.com\/~r\/GalerieFArtciles\/~4\/4rYWcvBk7hg\" height=\"1\" width=\"1\" alt=\"\"><\/div>\n<p>Auteur:<br \/>\n<a href=\"http:\/\/www.lebuteur.com\/article\/detail?titre=inter-les-nerazzurri-poussent-pour-nandez&#038;id=100656&#038;utm_source=feedburner&#038;utm_medium=feed&#038;utm_campaign=Feed%3A+GalerieFArtciles+%28Les+derniers+articles++-+lebuteur.com%29\">Cliquez ici pour lire l&rsquo;article depuis sa source.<\/a><\/p>\n","protected":false},"excerpt":{"rendered":"<p>Sacr\u00e9 champion d\u2019Italie au terme d\u2019une saison diablement aboutie, l\u2019Inter Milan va maintenant devoir op\u00e9rer les bons choix sur ce mercato d\u2019\u00e9t\u00e9 pour garder sa comp\u00e9titivit\u00e9 et r\u00e9ussir \u00e0 se renforcer. Auteur: Cliquez ici pour lire l&rsquo;article depuis sa source.<\/p>\n","protected":false},"author":1738,"featured_media":0,"comment_status":"closed","ping_status":"closed","sticky":false,"template":"","format":"standard","meta":{"fifu_image_url":"http:\/\/feeds.feedburner.com\/~r\/GalerieFArtciles\/~4\/4rYWcvBk7hg","fifu_image_alt":"Inter : les Nerazzurri poussent pour N\u00e1ndez","footnotes":""},"categories":[53,75],"tags":[],"class_list":["post-121858","post","type-post","status-publish","format-standard","hentry","category-algerie","category-sport"],"_links":{"self":[{"href":"https:\/\/linitiative.ca\/International\/wp-json\/wp\/v2\/posts\/121858","targetHints":{"allow":["GET"]}}],"collection":[{"href":"https:\/\/linitiative.ca\/International\/wp-json\/wp\/v2\/posts"}],"about":[{"href":"https:\/\/linitiative.ca\/International\/wp-json\/wp\/v2\/types\/post"}],"author":[{"embeddable":true,"href":"https:\/\/linitiative.ca\/International\/wp-json\/wp\/v2\/users\/1738"}],"replies":[{"embeddable":true,"href":"https:\/\/linitiative.ca\/International\/wp-json\/wp\/v2\/comments?post=121858"}],"version-history":[{"count":0,"href":"https:\/\/linitiative.ca\/International\/wp-json\/wp\/v2\/posts\/121858\/revisions"}],"wp:attachment":[{"href":"https:\/\/linitiative.ca\/International\/wp-json\/wp\/v2\/media?parent=121858"}],"wp:term":[{"taxonomy":"category","embeddable":true,"href":"https:\/\/linitiative.ca\/International\/wp-json\/wp\/v2\/categories?post=121858"},{"taxonomy":"post_tag","embeddable":true,"href":"https:\/\/linitiative.ca\/International\/wp-json\/wp\/v2\/tags?post=121858"}],"curies":[{"name":"wp","href":"https:\/\/api.w.org\/{rel}","templated":true}]}}