{"id":121860,"date":"2021-07-19T11:30:00","date_gmt":"2021-07-19T15:30:00","guid":{"rendered":"https:\/\/linitiative.ca\/International\/fc-valence-daniel-wass-a-fait-son-choix\/"},"modified":"2021-07-19T11:30:00","modified_gmt":"2021-07-19T15:30:00","slug":"fc-valence-daniel-wass-a-fait-son-choix","status":"publish","type":"post","link":"https:\/\/linitiative.ca\/International\/fc-valence-daniel-wass-a-fait-son-choix\/","title":{"rendered":"FC Valence : Daniel Wass a fait son choix"},"content":{"rendered":"<div>Sous contrat avec le FC Valence jusqu\u2019en juin 2022, l\u2019international danois Daniel Wass ne semble pas dispos\u00e9 \u00e0 poursuivre sa carri\u00e8re en Liga.<img loading=\"lazy\" decoding=\"async\" src=\"http:\/\/feeds.feedburner.com\/~r\/GalerieFArtciles\/~4\/59emorWDbGI\" height=\"1\" width=\"1\" alt=\"\"><\/div>\n<p>Auteur:<br \/>\n<a href=\"http:\/\/www.lebuteur.com\/article\/detail?titre=fc-valence-daniel-wass-a-fait-son-choix&#038;id=100657&#038;utm_source=feedburner&#038;utm_medium=feed&#038;utm_campaign=Feed%3A+GalerieFArtciles+%28Les+derniers+articles++-+lebuteur.com%29\">Cliquez ici pour lire l&rsquo;article depuis sa source.<\/a><\/p>\n","protected":false},"excerpt":{"rendered":"<p>Sous contrat avec le FC Valence jusqu\u2019en juin 2022, l\u2019international danois Daniel Wass ne semble pas dispos\u00e9 \u00e0 poursuivre sa carri\u00e8re en Liga. Auteur: Cliquez ici pour lire l&rsquo;article depuis sa source.<\/p>\n","protected":false},"author":1738,"featured_media":0,"comment_status":"closed","ping_status":"closed","sticky":false,"template":"","format":"standard","meta":{"fifu_image_url":"http:\/\/feeds.feedburner.com\/~r\/GalerieFArtciles\/~4\/59emorWDbGI","fifu_image_alt":"FC Valence : Daniel Wass a fait son choix","footnotes":""},"categories":[53,75],"tags":[],"class_list":["post-121860","post","type-post","status-publish","format-standard","hentry","category-algerie","category-sport"],"_links":{"self":[{"href":"https:\/\/linitiative.ca\/International\/wp-json\/wp\/v2\/posts\/121860","targetHints":{"allow":["GET"]}}],"collection":[{"href":"https:\/\/linitiative.ca\/International\/wp-json\/wp\/v2\/posts"}],"about":[{"href":"https:\/\/linitiative.ca\/International\/wp-json\/wp\/v2\/types\/post"}],"author":[{"embeddable":true,"href":"https:\/\/linitiative.ca\/International\/wp-json\/wp\/v2\/users\/1738"}],"replies":[{"embeddable":true,"href":"https:\/\/linitiative.ca\/International\/wp-json\/wp\/v2\/comments?post=121860"}],"version-history":[{"count":0,"href":"https:\/\/linitiative.ca\/International\/wp-json\/wp\/v2\/posts\/121860\/revisions"}],"wp:attachment":[{"href":"https:\/\/linitiative.ca\/International\/wp-json\/wp\/v2\/media?parent=121860"}],"wp:term":[{"taxonomy":"category","embeddable":true,"href":"https:\/\/linitiative.ca\/International\/wp-json\/wp\/v2\/categories?post=121860"},{"taxonomy":"post_tag","embeddable":true,"href":"https:\/\/linitiative.ca\/International\/wp-json\/wp\/v2\/tags?post=121860"}],"curies":[{"name":"wp","href":"https:\/\/api.w.org\/{rel}","templated":true}]}}