{"id":121862,"date":"2021-07-19T06:06:16","date_gmt":"2021-07-19T10:06:16","guid":{"rendered":"https:\/\/linitiative.ca\/International\/la-crise-sinstalle\/"},"modified":"2021-07-19T06:06:16","modified_gmt":"2021-07-19T10:06:16","slug":"la-crise-sinstalle","status":"publish","type":"post","link":"https:\/\/linitiative.ca\/International\/la-crise-sinstalle\/","title":{"rendered":"La crise s\u2019installe"},"content":{"rendered":"<div>\n<div class=\"sriret\"><img decoding=\"async\" src=\"https:\/\/linitiative.ca\/International\/wp-content\/uploads\/sites\/23\/2021\/07\/default-picture-709x366_c-20.jpg\"><\/div>\n<p class=\"p4\"><span class=\"s3\"><b>Le d\u00e9partement de Ramtane Lamamra avait, dans un communiqu\u00e9 rendu public vendredi dernier, condamn\u00e9 \u00e9nergiquement <i>\u00abun acte hostile de la repr\u00e9sentation diplomatique marocaine \u00e0 New York qui consistait en la distribution aux pays membres du Mouvement des Non-Align\u00e9s d\u2019une note officielle dont laquelle le Maroc soutient publiquement et explicitement un pr\u00e9tendu droit \u00e0 l\u2019autod\u00e9termination du peuple kabyle\u00bb<\/i>.<\/b><\/span><\/p>\n<p class=\"p4\"><span class=\"s4\"><b>L<\/b><\/span><span class=\"s5\">\u2019Alg\u00e9rie a rappel\u00e9 son ambassadeur \u00e0 Rabat en guise de protestation contre l\u2019absence de clarification du royaume du Maroc quant aux propos et actes inadmissibles de son ambassadeur \u00e0 New York. <\/span><span class=\"s6\"><b> \u00a0<\/b><\/span><\/p>\n<p>L\u2019article <a rel=\"nofollow\" href=\"https:\/\/www.elwatan.com\/a-la-une\/la-crise-sinstalle-4-19-07-2021\">La crise s\u2019installe<\/a> est apparu en premier sur <a rel=\"nofollow\" href=\"https:\/\/www.elwatan.com\/\">El Watan<\/a>.<\/p>\n<\/div>\n<p>Auteur: Anis Khecheba<br \/>\n<a href=\"https:\/\/www.elwatan.com\/a-la-une\/la-crise-sinstalle-4-19-07-2021\">Cliquez ici pour lire l&rsquo;article depuis sa source.<\/a><\/p>\n","protected":false},"excerpt":{"rendered":"<p>Le d\u00e9partement de Ramtane Lamamra avait, dans un communiqu\u00e9 rendu public vendredi dernier, condamn\u00e9 \u00e9nergiquement \u00abun acte hostile de la repr\u00e9sentation diplomatique marocaine \u00e0 New York qui consistait en la distribution aux pays membres du Mouvement des Non-Align\u00e9s d\u2019une note officielle dont laquelle le Maroc soutient publiquement et explicitement un pr\u00e9tendu droit \u00e0 l\u2019autod\u00e9termination du [&hellip;]<\/p>\n","protected":false},"author":1743,"featured_media":0,"comment_status":"closed","ping_status":"closed","sticky":false,"template":"","format":"standard","meta":{"fifu_image_url":"https:\/\/www.elwatan.com\/wp-content\/themes\/spectr\/img\/default-picture-709x366_c.jpg","fifu_image_alt":"La crise s\u2019installe","footnotes":""},"categories":[73,53],"tags":[],"class_list":["post-121862","post","type-post","status-publish","format-standard","hentry","category-actualite","category-algerie"],"_links":{"self":[{"href":"https:\/\/linitiative.ca\/International\/wp-json\/wp\/v2\/posts\/121862","targetHints":{"allow":["GET"]}}],"collection":[{"href":"https:\/\/linitiative.ca\/International\/wp-json\/wp\/v2\/posts"}],"about":[{"href":"https:\/\/linitiative.ca\/International\/wp-json\/wp\/v2\/types\/post"}],"author":[{"embeddable":true,"href":"https:\/\/linitiative.ca\/International\/wp-json\/wp\/v2\/users\/1743"}],"replies":[{"embeddable":true,"href":"https:\/\/linitiative.ca\/International\/wp-json\/wp\/v2\/comments?post=121862"}],"version-history":[{"count":0,"href":"https:\/\/linitiative.ca\/International\/wp-json\/wp\/v2\/posts\/121862\/revisions"}],"wp:attachment":[{"href":"https:\/\/linitiative.ca\/International\/wp-json\/wp\/v2\/media?parent=121862"}],"wp:term":[{"taxonomy":"category","embeddable":true,"href":"https:\/\/linitiative.ca\/International\/wp-json\/wp\/v2\/categories?post=121862"},{"taxonomy":"post_tag","embeddable":true,"href":"https:\/\/linitiative.ca\/International\/wp-json\/wp\/v2\/tags?post=121862"}],"curies":[{"name":"wp","href":"https:\/\/api.w.org\/{rel}","templated":true}]}}