{"id":121866,"date":"2021-07-19T06:07:21","date_gmt":"2021-07-19T10:07:21","guid":{"rendered":"https:\/\/linitiative.ca\/International\/le-renforcement-des-moyens-de-prevention-recommande\/"},"modified":"2021-07-19T06:07:21","modified_gmt":"2021-07-19T10:07:21","slug":"le-renforcement-des-moyens-de-prevention-recommande","status":"publish","type":"post","link":"https:\/\/linitiative.ca\/International\/le-renforcement-des-moyens-de-prevention-recommande\/","title":{"rendered":"Le renforcement des moyens de pr\u00e9vention recommand\u00e9"},"content":{"rendered":"<div>\n<div class=\"sriret\"><img decoding=\"async\" src=\"https:\/\/linitiative.ca\/International\/wp-content\/uploads\/sites\/23\/2021\/07\/default-picture-709x366_c-22.jpg\"><\/div>\n<p class=\"p4\"><span class=\"s3\"><b>L<\/b><\/span><span class=\"s4\">e renforcement des moyens de pr\u00e9vention et de premi\u00e8re intervention contre les feux de for\u00eat est l\u2019une des principales recommandations \u00e9mises par les participants \u00e0 un atelier r\u00e9gional sur la pr\u00e9vention et la lutte contre les incendies de for\u00eat, qui s\u2019est d\u00e9roul\u00e9 samedi \u00e0 Tizi Ouzou.<\/span><\/p>\n<p>L\u2019article <a rel=\"nofollow\" href=\"https:\/\/www.elwatan.com\/edition\/actualite\/le-renforcement-des-moyens-de-prevention-recommande-19-07-2021\">Le renforcement des moyens de pr\u00e9vention recommand\u00e9<\/a> est apparu en premier sur <a rel=\"nofollow\" href=\"https:\/\/www.elwatan.com\/\">El Watan<\/a>.<\/p>\n<\/div>\n<p>Auteur: Anis Khecheba<br \/>\n<a href=\"https:\/\/www.elwatan.com\/edition\/actualite\/le-renforcement-des-moyens-de-prevention-recommande-19-07-2021\">Cliquez ici pour lire l&rsquo;article depuis sa source.<\/a><\/p>\n","protected":false},"excerpt":{"rendered":"<p>Le renforcement des moyens de pr\u00e9vention et de premi\u00e8re intervention contre les feux de for\u00eat est l\u2019une des principales recommandations \u00e9mises par les participants \u00e0 un atelier r\u00e9gional sur la pr\u00e9vention et la lutte contre les incendies de for\u00eat, qui s\u2019est d\u00e9roul\u00e9 samedi \u00e0 Tizi Ouzou. L\u2019article Le renforcement des moyens de pr\u00e9vention recommand\u00e9 est [&hellip;]<\/p>\n","protected":false},"author":1743,"featured_media":0,"comment_status":"closed","ping_status":"closed","sticky":false,"template":"","format":"standard","meta":{"fifu_image_url":"https:\/\/www.elwatan.com\/wp-content\/themes\/spectr\/img\/default-picture-709x366_c.jpg","fifu_image_alt":"Le renforcement des moyens de pr\u00e9vention recommand\u00e9","footnotes":""},"categories":[73,53],"tags":[],"class_list":["post-121866","post","type-post","status-publish","format-standard","hentry","category-actualite","category-algerie"],"_links":{"self":[{"href":"https:\/\/linitiative.ca\/International\/wp-json\/wp\/v2\/posts\/121866","targetHints":{"allow":["GET"]}}],"collection":[{"href":"https:\/\/linitiative.ca\/International\/wp-json\/wp\/v2\/posts"}],"about":[{"href":"https:\/\/linitiative.ca\/International\/wp-json\/wp\/v2\/types\/post"}],"author":[{"embeddable":true,"href":"https:\/\/linitiative.ca\/International\/wp-json\/wp\/v2\/users\/1743"}],"replies":[{"embeddable":true,"href":"https:\/\/linitiative.ca\/International\/wp-json\/wp\/v2\/comments?post=121866"}],"version-history":[{"count":0,"href":"https:\/\/linitiative.ca\/International\/wp-json\/wp\/v2\/posts\/121866\/revisions"}],"wp:attachment":[{"href":"https:\/\/linitiative.ca\/International\/wp-json\/wp\/v2\/media?parent=121866"}],"wp:term":[{"taxonomy":"category","embeddable":true,"href":"https:\/\/linitiative.ca\/International\/wp-json\/wp\/v2\/categories?post=121866"},{"taxonomy":"post_tag","embeddable":true,"href":"https:\/\/linitiative.ca\/International\/wp-json\/wp\/v2\/tags?post=121866"}],"curies":[{"name":"wp","href":"https:\/\/api.w.org\/{rel}","templated":true}]}}