{"id":121868,"date":"2021-07-19T06:08:27","date_gmt":"2021-07-19T10:08:27","guid":{"rendered":"https:\/\/linitiative.ca\/International\/le-poete-et-journaliste-adel-sayad-condamne-a-deux-ans-de-prison-ferme\/"},"modified":"2021-07-19T06:08:27","modified_gmt":"2021-07-19T10:08:27","slug":"le-poete-et-journaliste-adel-sayad-condamne-a-deux-ans-de-prison-ferme","status":"publish","type":"post","link":"https:\/\/linitiative.ca\/International\/le-poete-et-journaliste-adel-sayad-condamne-a-deux-ans-de-prison-ferme\/","title":{"rendered":"Le po\u00e8te et journaliste Adel Sayad condamn\u00e9 \u00e0 deux ans de prison ferme"},"content":{"rendered":"<div>\n<div class=\"sriret\"><img decoding=\"async\" src=\"https:\/\/linitiative.ca\/International\/wp-content\/uploads\/sites\/23\/2021\/07\/default-picture-709x366_c-23.jpg\"><\/div>\n<p class=\"p4\"><span class=\"s3\"><b>Figure majeure de la sc\u00e8ne po\u00e9tique, Adel Sayad a, par ailleurs, 26 ans de carri\u00e8re dans la presse radiophonique. Le po\u00e8te et journaliste vient d\u2019\u00eatre condamn\u00e9 par contumace, par le tribunal de T\u00e9bessa, \u00e0 deux ans de prison ferme avec mandat d\u2019arr\u00eat, pour des publications Facebook.<\/b><\/span><\/p>\n<p class=\"p4\"><span class=\"s4\"><b>A<\/b><\/span><span class=\"s3\">u moment o\u00f9 l\u2019on a assist\u00e9 ces derniers jours \u00e0 plusieurs vagues de lib\u00e9ration de d\u00e9tenus d\u2019opinion, notre confr\u00e8re Adel Sayad, journaliste radio au long cours et, par ailleurs, figure po\u00e9tique bien connue, vient d\u2019\u00eatre condamn\u00e9 \u00e0 deux ans de prison ferme. L\u2019enfant terrible de T\u00e9bessa est vis\u00e9 pr\u00e9cis\u00e9ment pour des publications sur les r\u00e9seaux sociaux, jug\u00e9es trop irr\u00e9v\u00e9rencieuses. <i>\u00abLe journaliste Adel Sayad a \u00e9t\u00e9 condamn\u00e9 par contumace \u00e0 2 ans de prison ferme avec mandat d\u2019arr\u00eat et d\u00e9cision d\u2019arr\u00eat de son travail \u00e0 la radio o\u00f9 il a exerc\u00e9 durant 26 ans. Chefs d\u2019inculpation : diffusion au public de fausses informations pouvant porter atteinte \u00e0 la s\u00e9curit\u00e9 et l\u2019ordre public\u00bb,<\/i> alertait, en effet, ce dimanche, le Comit\u00e9 national pour la lib\u00e9ration des d\u00e9tenus (CNLD) sur sa page Facebook.<\/span><\/p>\n<p>L\u2019article <a rel=\"nofollow\" href=\"https:\/\/www.elwatan.com\/edition\/actualite\/le-poete-et-journaliste-adel-sayad-condamne-a-deux-ans-de-prison-ferme-19-07-2021\">Le po\u00e8te et journaliste Adel Sayad condamn\u00e9 \u00e0 deux ans de prison ferme<\/a> est apparu en premier sur <a rel=\"nofollow\" href=\"https:\/\/www.elwatan.com\/\">El Watan<\/a>.<\/p>\n<\/div>\n<p>Auteur: Anis Khecheba<br \/>\n<a href=\"https:\/\/www.elwatan.com\/edition\/actualite\/le-poete-et-journaliste-adel-sayad-condamne-a-deux-ans-de-prison-ferme-19-07-2021\">Cliquez ici pour lire l&rsquo;article depuis sa source.<\/a><\/p>\n","protected":false},"excerpt":{"rendered":"<p>Figure majeure de la sc\u00e8ne po\u00e9tique, Adel Sayad a, par ailleurs, 26 ans de carri\u00e8re dans la presse radiophonique. Le po\u00e8te et journaliste vient d\u2019\u00eatre condamn\u00e9 par contumace, par le tribunal de T\u00e9bessa, \u00e0 deux ans de prison ferme avec mandat d\u2019arr\u00eat, pour des publications Facebook. Au moment o\u00f9 l\u2019on a assist\u00e9 ces derniers jours [&hellip;]<\/p>\n","protected":false},"author":1743,"featured_media":0,"comment_status":"closed","ping_status":"closed","sticky":false,"template":"","format":"standard","meta":{"fifu_image_url":"https:\/\/www.elwatan.com\/wp-content\/themes\/spectr\/img\/default-picture-709x366_c.jpg","fifu_image_alt":"Le po\u00e8te et journaliste Adel Sayad condamn\u00e9 \u00e0 deux ans de prison ferme","footnotes":""},"categories":[73,53],"tags":[],"class_list":["post-121868","post","type-post","status-publish","format-standard","hentry","category-actualite","category-algerie"],"_links":{"self":[{"href":"https:\/\/linitiative.ca\/International\/wp-json\/wp\/v2\/posts\/121868","targetHints":{"allow":["GET"]}}],"collection":[{"href":"https:\/\/linitiative.ca\/International\/wp-json\/wp\/v2\/posts"}],"about":[{"href":"https:\/\/linitiative.ca\/International\/wp-json\/wp\/v2\/types\/post"}],"author":[{"embeddable":true,"href":"https:\/\/linitiative.ca\/International\/wp-json\/wp\/v2\/users\/1743"}],"replies":[{"embeddable":true,"href":"https:\/\/linitiative.ca\/International\/wp-json\/wp\/v2\/comments?post=121868"}],"version-history":[{"count":0,"href":"https:\/\/linitiative.ca\/International\/wp-json\/wp\/v2\/posts\/121868\/revisions"}],"wp:attachment":[{"href":"https:\/\/linitiative.ca\/International\/wp-json\/wp\/v2\/media?parent=121868"}],"wp:term":[{"taxonomy":"category","embeddable":true,"href":"https:\/\/linitiative.ca\/International\/wp-json\/wp\/v2\/categories?post=121868"},{"taxonomy":"post_tag","embeddable":true,"href":"https:\/\/linitiative.ca\/International\/wp-json\/wp\/v2\/tags?post=121868"}],"curies":[{"name":"wp","href":"https:\/\/api.w.org\/{rel}","templated":true}]}}