{"id":121870,"date":"2021-07-19T06:09:07","date_gmt":"2021-07-19T10:09:07","guid":{"rendered":"https:\/\/linitiative.ca\/International\/scandaleux\/"},"modified":"2021-07-19T06:09:07","modified_gmt":"2021-07-19T10:09:07","slug":"scandaleux","status":"publish","type":"post","link":"https:\/\/linitiative.ca\/International\/scandaleux\/","title":{"rendered":"Scandaleux !"},"content":{"rendered":"<div>\n<div class=\"sriret\"><img decoding=\"async\" src=\"https:\/\/linitiative.ca\/International\/wp-content\/uploads\/sites\/23\/2021\/07\/default-picture-709x366_c-24.jpg\"><\/div>\n<p class=\"p1\"><span class=\"s1\"><b>Les Alg\u00e9riens f\u00eateront demain, \u00e0 l\u2019instar de tous les musulmans, l\u2019A\u00efd El Adha. Pour les commer\u00e7ants, c\u2019est la double f\u00eate\u00a0: l\u2019A\u00efd et surtout la c\u00e9l\u00e9bration des recettes vertigineuses qu\u2019ils se sont fait avec l\u2019augmentation des prix des fruits et l\u00e9gumes et des produits de large consommation en cette circonstance.<\/b><\/span><\/p>\n<p class=\"p1\"><span class=\"s1\"><b>M<\/b><\/span><span class=\"s1\">\u00eame si ce n\u2019est plus une surprise de voir les prix des produits agricoles et agroalimentaires augmenter, le malaise que vivent les m\u00e9nages reste intact. <i>\u00abIls parlent tous de l\u2019islam, de tol\u00e9rance et surtout de cl\u00e9mence. Tout le monde s\u2019improvise mufti. Mais d\u00e8s qu\u2019une occasion religieuse ou toute autre f\u00eate se pr\u00e9sente, ils se transforment en mercenaires et nous vident nos poches sous pr\u00e9texte que les prix sont libres et que l\u2019augmentation est ailleurs. Le probl\u00e8me est que nous n\u2019avons pas le choix et que nous devons acheter\u00bb<\/i>, t\u00e9moigne Rabia, quinquag\u00e9naire rencontr\u00e9e au march\u00e9 T\u2019nach \u00e0 Belouizdad, avant de montrer<b> <\/b>sa col\u00e8re au vendeur de l\u00e9gumes. En effet, les prix des fruits et l\u00e9gumes ont flamb\u00e9 en l\u2019espace de 48 heures.<\/span><\/p>\n<p>L\u2019article <a rel=\"nofollow\" href=\"https:\/\/www.elwatan.com\/a-la-une\/scandaleux-9-19-07-2021\">Scandaleux !<\/a> est apparu en premier sur <a rel=\"nofollow\" href=\"https:\/\/www.elwatan.com\/\">El Watan<\/a>.<\/p>\n<\/div>\n<p>Auteur: Anis Khecheba<br \/>\n<a href=\"https:\/\/www.elwatan.com\/a-la-une\/scandaleux-9-19-07-2021\">Cliquez ici pour lire l&rsquo;article depuis sa source.<\/a><\/p>\n","protected":false},"excerpt":{"rendered":"<p>Les Alg\u00e9riens f\u00eateront demain, \u00e0 l\u2019instar de tous les musulmans, l\u2019A\u00efd El Adha. Pour les commer\u00e7ants, c\u2019est la double f\u00eate\u00a0: l\u2019A\u00efd et surtout la c\u00e9l\u00e9bration des recettes vertigineuses qu\u2019ils se sont fait avec l\u2019augmentation des prix des fruits et l\u00e9gumes et des produits de large consommation en cette circonstance. M\u00eame si ce n\u2019est plus une [&hellip;]<\/p>\n","protected":false},"author":1743,"featured_media":0,"comment_status":"closed","ping_status":"closed","sticky":false,"template":"","format":"standard","meta":{"fifu_image_url":"https:\/\/www.elwatan.com\/wp-content\/themes\/spectr\/img\/default-picture-709x366_c.jpg","fifu_image_alt":"Scandaleux !","footnotes":""},"categories":[73,53],"tags":[],"class_list":["post-121870","post","type-post","status-publish","format-standard","hentry","category-actualite","category-algerie"],"_links":{"self":[{"href":"https:\/\/linitiative.ca\/International\/wp-json\/wp\/v2\/posts\/121870","targetHints":{"allow":["GET"]}}],"collection":[{"href":"https:\/\/linitiative.ca\/International\/wp-json\/wp\/v2\/posts"}],"about":[{"href":"https:\/\/linitiative.ca\/International\/wp-json\/wp\/v2\/types\/post"}],"author":[{"embeddable":true,"href":"https:\/\/linitiative.ca\/International\/wp-json\/wp\/v2\/users\/1743"}],"replies":[{"embeddable":true,"href":"https:\/\/linitiative.ca\/International\/wp-json\/wp\/v2\/comments?post=121870"}],"version-history":[{"count":0,"href":"https:\/\/linitiative.ca\/International\/wp-json\/wp\/v2\/posts\/121870\/revisions"}],"wp:attachment":[{"href":"https:\/\/linitiative.ca\/International\/wp-json\/wp\/v2\/media?parent=121870"}],"wp:term":[{"taxonomy":"category","embeddable":true,"href":"https:\/\/linitiative.ca\/International\/wp-json\/wp\/v2\/categories?post=121870"},{"taxonomy":"post_tag","embeddable":true,"href":"https:\/\/linitiative.ca\/International\/wp-json\/wp\/v2\/tags?post=121870"}],"curies":[{"name":"wp","href":"https:\/\/api.w.org\/{rel}","templated":true}]}}