{"id":121874,"date":"2021-07-19T06:00:00","date_gmt":"2021-07-19T10:00:00","guid":{"rendered":"https:\/\/linitiative.ca\/International\/mohamed-salah-ben-ammar-normaliser-la-dignite-humaine\/"},"modified":"2021-07-19T06:00:00","modified_gmt":"2021-07-19T10:00:00","slug":"mohamed-salah-ben-ammar-normaliser-la-dignite-humaine","status":"publish","type":"post","link":"https:\/\/linitiative.ca\/International\/mohamed-salah-ben-ammar-normaliser-la-dignite-humaine\/","title":{"rendered":"Mohamed Salah Ben Ammar: Normaliser la dignit\u00e9 humaine?"},"content":{"rendered":"<div><img decoding=\"async\" src=\"https:\/\/linitiative.ca\/International\/wp-content\/uploads\/sites\/23\/2021\/07\/1626692964_article.jpg\" alt=\"Mohamed Salah Ben Ammar : Normaliser la dignit\u00e9 humaine ?\" align=\"left\">Nous sommes d\u2019accord pour r\u00e9affirmer \u00e0 l\u2019infini que les crit\u00e8res de dignit\u00e9 humaine ne sont pas tributaires de d\u00e9clarations combien m\u00eame elles seraient universelles ! Il suffit simplement de commencer par respecter l\u2019autre dans ses diff\u00e9rences. Le respect de la dignit\u00e9 humaine ne se d\u00e9cr\u00e8te pas, il ne peut qu\u2019exister au quotidien dans les pratiques, partant de l\u00e0, la n\u00e9cessit\u00e9 d\u2019un cadre normatif pragmatique ne peut que nous rapprocher des buts recherch\u00e9s.<br \/>\nLa bio\u00e9thique fonctionne en posant des questions sur des sujets dont le cadre r\u00e9glementaire n\u2019est pas ais\u00e9, elle prend \u00e9galement en compte le comportement (la dimension \u00e9thique), la prise de d\u00e9cisions &#8230;<\/p>\n<\/div>\n<p>Auteur:<br \/>\n<a href=\"https:\/\/www.leaders.com.tn\/article\/32170-mohamed-salah-ben-ammar-normaliser-la-dignite-humaine\">Cliquez ici pour lire l&rsquo;article depuis sa source.<\/a><\/p>\n","protected":false},"excerpt":{"rendered":"<p>Nous sommes d\u2019accord pour r\u00e9affirmer \u00e0 l\u2019infini que les crit\u00e8res de dignit\u00e9 humaine ne sont pas tributaires de d\u00e9clarations combien m\u00eame elles seraient universelles ! Il suffit simplement de commencer par respecter l\u2019autre dans ses diff\u00e9rences. Le respect de la dignit\u00e9 humaine ne se d\u00e9cr\u00e8te pas, il ne peut qu\u2019exister au quotidien dans les pratiques, [&hellip;]<\/p>\n","protected":false},"author":1772,"featured_media":0,"comment_status":"closed","ping_status":"closed","sticky":false,"template":"","format":"standard","meta":{"fifu_image_url":"http:\/\/www.leaders.com.tn\/uploads\/content\/thumbnails_small\/1626692964_article.jpg","fifu_image_alt":"Mohamed Salah Ben Ammar: Normaliser la dignit\u00e9 humaine?","footnotes":""},"categories":[73,55],"tags":[],"class_list":["post-121874","post","type-post","status-publish","format-standard","hentry","category-actualite","category-tunisie"],"_links":{"self":[{"href":"https:\/\/linitiative.ca\/International\/wp-json\/wp\/v2\/posts\/121874","targetHints":{"allow":["GET"]}}],"collection":[{"href":"https:\/\/linitiative.ca\/International\/wp-json\/wp\/v2\/posts"}],"about":[{"href":"https:\/\/linitiative.ca\/International\/wp-json\/wp\/v2\/types\/post"}],"author":[{"embeddable":true,"href":"https:\/\/linitiative.ca\/International\/wp-json\/wp\/v2\/users\/1772"}],"replies":[{"embeddable":true,"href":"https:\/\/linitiative.ca\/International\/wp-json\/wp\/v2\/comments?post=121874"}],"version-history":[{"count":0,"href":"https:\/\/linitiative.ca\/International\/wp-json\/wp\/v2\/posts\/121874\/revisions"}],"wp:attachment":[{"href":"https:\/\/linitiative.ca\/International\/wp-json\/wp\/v2\/media?parent=121874"}],"wp:term":[{"taxonomy":"category","embeddable":true,"href":"https:\/\/linitiative.ca\/International\/wp-json\/wp\/v2\/categories?post=121874"},{"taxonomy":"post_tag","embeddable":true,"href":"https:\/\/linitiative.ca\/International\/wp-json\/wp\/v2\/tags?post=121874"}],"curies":[{"name":"wp","href":"https:\/\/api.w.org\/{rel}","templated":true}]}}