{"id":121883,"date":"2021-07-19T13:50:06","date_gmt":"2021-07-19T17:50:06","guid":{"rendered":"https:\/\/linitiative.ca\/International\/ladministration-biden-rapatrie-un-detenu-de-guantanamo-bay-au-maroc\/"},"modified":"2021-07-19T13:50:06","modified_gmt":"2021-07-19T17:50:06","slug":"ladministration-biden-rapatrie-un-detenu-de-guantanamo-bay-au-maroc","status":"publish","type":"post","link":"https:\/\/linitiative.ca\/International\/ladministration-biden-rapatrie-un-detenu-de-guantanamo-bay-au-maroc\/","title":{"rendered":"L\u2019Administration Biden rapatrie un d\u00e9tenu de Guant\u00e1namo Bay au Maroc"},"content":{"rendered":"<div><img decoding=\"async\" width=\"805\" height=\"453\" src=\"https:\/\/linitiative.ca\/International\/wp-content\/uploads\/sites\/23\/2021\/07\/usa.jpeg\" class=\"attachment-post-thumbnail size-post-thumbnail wp-post-image\" alt=\"\" loading=\"lazy\" srcset=\"https:\/\/linitiative.ca\/International\/wp-content\/uploads\/sites\/23\/2021\/07\/usa.jpeg 805w, https:\/\/www.challenge.ma\/wp-content\/uploads\/2021\/07\/usa-300x169.jpeg 300w, https:\/\/www.challenge.ma\/wp-content\/uploads\/2021\/07\/usa-768x432.jpeg 768w, https:\/\/www.challenge.ma\/wp-content\/uploads\/2021\/07\/usa-360x203.jpeg 360w, https:\/\/www.challenge.ma\/wp-content\/uploads\/2021\/07\/usa-750x422.jpeg 750w\" sizes=\"auto, (max-width: 805px) 100vw, 805px\" itemprop=\"image\">L\u2019administration am\u00e9ricaine a transf\u00e9r\u00e9 le 19 juillet un d\u00e9tenu hors du centre de d\u00e9tention de Guant\u00e1namo Bay pour la premi\u00e8re fois. Il s\u2019agit du d\u00e9tenu de nationalit\u00e9 marocaine, Abdullatif Nasser, renvoy\u00e9 au Maroc, apr\u00e8s avoir pass\u00e9 plusieurs ann\u00e9es \u00e0 Guant\u00e1namo Bay. \u00ab\u00a0Le prisonnier marocain, Abdullatif Nasser, \u00e2g\u00e9 d\u2019une cinquantaine d\u2019ann\u00e9es,<\/div>\n<p>Auteur: challenge<br \/>\n<a href=\"https:\/\/www.challenge.ma\/ladministration-biden-rapatrie-un-detenu-de-guantanamo-bay-au-maroc-193185\/\">Cliquez ici pour lire l&rsquo;article depuis sa source.<\/a><\/p>\n","protected":false},"excerpt":{"rendered":"<p>L\u2019administration am\u00e9ricaine a transf\u00e9r\u00e9 le 19 juillet un d\u00e9tenu hors du centre de d\u00e9tention de Guant\u00e1namo Bay pour la premi\u00e8re fois. Il s\u2019agit du d\u00e9tenu de nationalit\u00e9 marocaine, Abdullatif Nasser, renvoy\u00e9 au Maroc, apr\u00e8s avoir pass\u00e9 plusieurs ann\u00e9es \u00e0 Guant\u00e1namo Bay. \u00ab\u00a0Le prisonnier marocain, Abdullatif Nasser, \u00e2g\u00e9 d\u2019une cinquantaine d\u2019ann\u00e9es, Auteur: challenge Cliquez ici pour [&hellip;]<\/p>\n","protected":false},"author":1787,"featured_media":0,"comment_status":"closed","ping_status":"closed","sticky":false,"template":"","format":"standard","meta":{"fifu_image_url":"https:\/\/www.challenge.ma\/wp-content\/uploads\/2021\/07\/usa.jpeg","fifu_image_alt":"L\u2019Administration Biden rapatrie un d\u00e9tenu de Guant\u00e1namo Bay au Maroc","footnotes":""},"categories":[78,54],"tags":[],"class_list":["post-121883","post","type-post","status-publish","format-standard","hentry","category-economie","category-maroc"],"_links":{"self":[{"href":"https:\/\/linitiative.ca\/International\/wp-json\/wp\/v2\/posts\/121883","targetHints":{"allow":["GET"]}}],"collection":[{"href":"https:\/\/linitiative.ca\/International\/wp-json\/wp\/v2\/posts"}],"about":[{"href":"https:\/\/linitiative.ca\/International\/wp-json\/wp\/v2\/types\/post"}],"author":[{"embeddable":true,"href":"https:\/\/linitiative.ca\/International\/wp-json\/wp\/v2\/users\/1787"}],"replies":[{"embeddable":true,"href":"https:\/\/linitiative.ca\/International\/wp-json\/wp\/v2\/comments?post=121883"}],"version-history":[{"count":0,"href":"https:\/\/linitiative.ca\/International\/wp-json\/wp\/v2\/posts\/121883\/revisions"}],"wp:attachment":[{"href":"https:\/\/linitiative.ca\/International\/wp-json\/wp\/v2\/media?parent=121883"}],"wp:term":[{"taxonomy":"category","embeddable":true,"href":"https:\/\/linitiative.ca\/International\/wp-json\/wp\/v2\/categories?post=121883"},{"taxonomy":"post_tag","embeddable":true,"href":"https:\/\/linitiative.ca\/International\/wp-json\/wp\/v2\/tags?post=121883"}],"curies":[{"name":"wp","href":"https:\/\/api.w.org\/{rel}","templated":true}]}}