{"id":121887,"date":"2021-07-19T14:54:46","date_gmt":"2021-07-19T18:54:46","guid":{"rendered":"https:\/\/linitiative.ca\/International\/abdelmalek-alaoui-le-maroc-nest-jamais-aussi-fort-que-dans-la-tempete\/"},"modified":"2021-07-19T14:54:46","modified_gmt":"2021-07-19T18:54:46","slug":"abdelmalek-alaoui-le-maroc-nest-jamais-aussi-fort-que-dans-la-tempete","status":"publish","type":"post","link":"https:\/\/linitiative.ca\/International\/abdelmalek-alaoui-le-maroc-nest-jamais-aussi-fort-que-dans-la-tempete\/","title":{"rendered":"Abdelmalek Alaoui : \u00abLe Maroc n\u2019est jamais aussi fort que dans la temp\u00eate\u00bb"},"content":{"rendered":"<div><img decoding=\"async\" width=\"1260\" height=\"756\" src=\"https:\/\/linitiative.ca\/International\/wp-content\/uploads\/sites\/23\/2021\/07\/PHOTO-1-e1626722093364.jpeg\" class=\"attachment-post-thumbnail size-post-thumbnail wp-post-image\" alt=\"\" loading=\"lazy\" srcset=\"https:\/\/linitiative.ca\/International\/wp-content\/uploads\/sites\/23\/2021\/07\/PHOTO-1-e1626722093364.jpeg 1260w, https:\/\/www.challenge.ma\/wp-content\/uploads\/2021\/07\/PHOTO-1-e1626722093364-300x180.jpeg 300w, https:\/\/www.challenge.ma\/wp-content\/uploads\/2021\/07\/PHOTO-1-e1626722093364-1024x614.jpeg 1024w, https:\/\/www.challenge.ma\/wp-content\/uploads\/2021\/07\/PHOTO-1-e1626722093364-768x461.jpeg 768w, https:\/\/www.challenge.ma\/wp-content\/uploads\/2021\/07\/PHOTO-1-e1626722093364-360x216.jpeg 360w, https:\/\/www.challenge.ma\/wp-content\/uploads\/2021\/07\/PHOTO-1-e1626722093364-750x450.jpeg 750w\" sizes=\"auto, (max-width: 1260px) 100vw, 1260px\" itemprop=\"image\">Auteur de plusieurs ouvrages, dont le dernier \u00ab Le Temps du Continent \u00bb \u2013 qui a obtenu en 2018 le prix Turgot du livre d\u2019\u00e9conomie francophone de l\u2019ann\u00e9e \u2013 Abdelmalek Alaoui vient de publier un nouveau livre intitul\u00e9 \u00ab Le Temps du Maroc, 2020-2021 R\u00e9silience et \u00e9mergence du Royaume ch\u00e9rifien\u00a0\u00bb.<\/div>\n<p>Auteur: challenge<br \/>\n<a href=\"https:\/\/www.challenge.ma\/abdelmalek-alaoui-le-maroc-nest-jamais-aussi-fort-que-dans-la-tempete-193228\/\">Cliquez ici pour lire l&rsquo;article depuis sa source.<\/a><\/p>\n","protected":false},"excerpt":{"rendered":"<p>Auteur de plusieurs ouvrages, dont le dernier \u00ab Le Temps du Continent \u00bb \u2013 qui a obtenu en 2018 le prix Turgot du livre d\u2019\u00e9conomie francophone de l\u2019ann\u00e9e \u2013 Abdelmalek Alaoui vient de publier un nouveau livre intitul\u00e9 \u00ab Le Temps du Maroc, 2020-2021 R\u00e9silience et \u00e9mergence du Royaume ch\u00e9rifien\u00a0\u00bb. Auteur: challenge Cliquez ici pour [&hellip;]<\/p>\n","protected":false},"author":1787,"featured_media":0,"comment_status":"closed","ping_status":"closed","sticky":false,"template":"","format":"standard","meta":{"fifu_image_url":"https:\/\/www.challenge.ma\/wp-content\/uploads\/2021\/07\/PHOTO-1-e1626722093364.jpeg","fifu_image_alt":"Abdelmalek Alaoui : \u00abLe Maroc n\u2019est jamais aussi fort que dans la temp\u00eate\u00bb","footnotes":""},"categories":[78,54],"tags":[],"class_list":["post-121887","post","type-post","status-publish","format-standard","hentry","category-economie","category-maroc"],"_links":{"self":[{"href":"https:\/\/linitiative.ca\/International\/wp-json\/wp\/v2\/posts\/121887","targetHints":{"allow":["GET"]}}],"collection":[{"href":"https:\/\/linitiative.ca\/International\/wp-json\/wp\/v2\/posts"}],"about":[{"href":"https:\/\/linitiative.ca\/International\/wp-json\/wp\/v2\/types\/post"}],"author":[{"embeddable":true,"href":"https:\/\/linitiative.ca\/International\/wp-json\/wp\/v2\/users\/1787"}],"replies":[{"embeddable":true,"href":"https:\/\/linitiative.ca\/International\/wp-json\/wp\/v2\/comments?post=121887"}],"version-history":[{"count":0,"href":"https:\/\/linitiative.ca\/International\/wp-json\/wp\/v2\/posts\/121887\/revisions"}],"wp:attachment":[{"href":"https:\/\/linitiative.ca\/International\/wp-json\/wp\/v2\/media?parent=121887"}],"wp:term":[{"taxonomy":"category","embeddable":true,"href":"https:\/\/linitiative.ca\/International\/wp-json\/wp\/v2\/categories?post=121887"},{"taxonomy":"post_tag","embeddable":true,"href":"https:\/\/linitiative.ca\/International\/wp-json\/wp\/v2\/tags?post=121887"}],"curies":[{"name":"wp","href":"https:\/\/api.w.org\/{rel}","templated":true}]}}