{"id":121889,"date":"2021-07-19T15:25:55","date_gmt":"2021-07-19T19:25:55","guid":{"rendered":"https:\/\/linitiative.ca\/International\/france-periode-de-rodage-dune-semaine-pour-le-pass-sanitaire\/"},"modified":"2021-07-19T15:25:55","modified_gmt":"2021-07-19T19:25:55","slug":"france-periode-de-rodage-dune-semaine-pour-le-pass-sanitaire","status":"publish","type":"post","link":"https:\/\/linitiative.ca\/International\/france-periode-de-rodage-dune-semaine-pour-le-pass-sanitaire\/","title":{"rendered":"France. P\u00e9riode de rodage d\u2019une semaine pour le pass sanitaire"},"content":{"rendered":"<div><img decoding=\"async\" width=\"932\" height=\"578\" src=\"https:\/\/linitiative.ca\/International\/wp-content\/uploads\/sites\/23\/2021\/07\/Pass-sanitaire-1.jpg\" class=\"attachment-post-thumbnail size-post-thumbnail wp-post-image\" alt=\"\" loading=\"lazy\" srcset=\"https:\/\/linitiative.ca\/International\/wp-content\/uploads\/sites\/23\/2021\/07\/Pass-sanitaire-1.jpg 932w, https:\/\/www.challenge.ma\/wp-content\/uploads\/2021\/07\/Pass-sanitaire-1-300x186.jpg 300w, https:\/\/www.challenge.ma\/wp-content\/uploads\/2021\/07\/Pass-sanitaire-1-768x476.jpg 768w, https:\/\/www.challenge.ma\/wp-content\/uploads\/2021\/07\/Pass-sanitaire-1-360x223.jpg 360w, https:\/\/www.challenge.ma\/wp-content\/uploads\/2021\/07\/Pass-sanitaire-1-750x465.jpg 750w\" sizes=\"auto, (max-width: 932px) 100vw, 932px\" itemprop=\"image\">Le gouvernement pr\u00e9voit une \u00ab\u00a0p\u00e9riode de rodage\u00a0\u00bb d\u2019une dur\u00e9e limit\u00e9e, \u00e9voquant \u00ab\u00a0une semaine\u00a0\u00bb ou un peu plus, afin d&rsquo;\u00a0\u00bbaccompagner les professionnels\u00a0\u00bb dans la mise en place du pass sanitaire, a annonc\u00e9 lundi son porte-parole Gabriel Attal. \u00ab\u00a0Il n\u2019y a aucune envie de pi\u00e9ger personne\u00a0\u00bb, a-t-il assur\u00e9 \u00e0 l\u2019issue du Conseil<\/div>\n<p>Auteur: challenge<br \/>\n<a href=\"https:\/\/www.challenge.ma\/france-periode-de-rodage-dune-semaine-pour-le-pass-sanitaire-193259\/\">Cliquez ici pour lire l&rsquo;article depuis sa source.<\/a><\/p>\n","protected":false},"excerpt":{"rendered":"<p>Le gouvernement pr\u00e9voit une \u00ab\u00a0p\u00e9riode de rodage\u00a0\u00bb d\u2019une dur\u00e9e limit\u00e9e, \u00e9voquant \u00ab\u00a0une semaine\u00a0\u00bb ou un peu plus, afin d&rsquo;\u00a0\u00bbaccompagner les professionnels\u00a0\u00bb dans la mise en place du pass sanitaire, a annonc\u00e9 lundi son porte-parole Gabriel Attal. \u00ab\u00a0Il n\u2019y a aucune envie de pi\u00e9ger personne\u00a0\u00bb, a-t-il assur\u00e9 \u00e0 l\u2019issue du Conseil Auteur: challenge Cliquez ici pour [&hellip;]<\/p>\n","protected":false},"author":1787,"featured_media":0,"comment_status":"closed","ping_status":"closed","sticky":false,"template":"","format":"standard","meta":{"fifu_image_url":"https:\/\/www.challenge.ma\/wp-content\/uploads\/2021\/07\/Pass-sanitaire-1.jpg","fifu_image_alt":"France. P\u00e9riode de rodage d\u2019une semaine pour le pass sanitaire","footnotes":""},"categories":[78,54],"tags":[],"class_list":["post-121889","post","type-post","status-publish","format-standard","hentry","category-economie","category-maroc"],"_links":{"self":[{"href":"https:\/\/linitiative.ca\/International\/wp-json\/wp\/v2\/posts\/121889","targetHints":{"allow":["GET"]}}],"collection":[{"href":"https:\/\/linitiative.ca\/International\/wp-json\/wp\/v2\/posts"}],"about":[{"href":"https:\/\/linitiative.ca\/International\/wp-json\/wp\/v2\/types\/post"}],"author":[{"embeddable":true,"href":"https:\/\/linitiative.ca\/International\/wp-json\/wp\/v2\/users\/1787"}],"replies":[{"embeddable":true,"href":"https:\/\/linitiative.ca\/International\/wp-json\/wp\/v2\/comments?post=121889"}],"version-history":[{"count":0,"href":"https:\/\/linitiative.ca\/International\/wp-json\/wp\/v2\/posts\/121889\/revisions"}],"wp:attachment":[{"href":"https:\/\/linitiative.ca\/International\/wp-json\/wp\/v2\/media?parent=121889"}],"wp:term":[{"taxonomy":"category","embeddable":true,"href":"https:\/\/linitiative.ca\/International\/wp-json\/wp\/v2\/categories?post=121889"},{"taxonomy":"post_tag","embeddable":true,"href":"https:\/\/linitiative.ca\/International\/wp-json\/wp\/v2\/tags?post=121889"}],"curies":[{"name":"wp","href":"https:\/\/api.w.org\/{rel}","templated":true}]}}