{"id":121891,"date":"2021-07-19T15:49:18","date_gmt":"2021-07-19T19:49:18","guid":{"rendered":"https:\/\/linitiative.ca\/International\/marches-dequipements-medicaux-le-ministere-de-la-sante-dement-les-informations-erronees\/"},"modified":"2021-07-19T15:49:18","modified_gmt":"2021-07-19T19:49:18","slug":"marches-dequipements-medicaux-le-ministere-de-la-sante-dement-les-informations-erronees","status":"publish","type":"post","link":"https:\/\/linitiative.ca\/International\/marches-dequipements-medicaux-le-ministere-de-la-sante-dement-les-informations-erronees\/","title":{"rendered":"March\u00e9s d\u2019\u00e9quipements m\u00e9dicaux. Le minist\u00e8re de la Sant\u00e9 d\u00e9ment les \u00abinformations erron\u00e9es\u00bb"},"content":{"rendered":"<div><img decoding=\"async\" width=\"746\" height=\"380\" src=\"https:\/\/linitiative.ca\/International\/wp-content\/uploads\/sites\/23\/2021\/07\/MINISTRE-1.jpg\" class=\"attachment-post-thumbnail size-post-thumbnail wp-post-image\" alt=\"\" loading=\"lazy\" srcset=\"https:\/\/linitiative.ca\/International\/wp-content\/uploads\/sites\/23\/2021\/07\/MINISTRE-1.jpg 746w, https:\/\/www.challenge.ma\/wp-content\/uploads\/2021\/03\/MINISTRE-1-300x153.jpg 300w, https:\/\/www.challenge.ma\/wp-content\/uploads\/2021\/03\/MINISTRE-1-360x183.jpg 360w\" sizes=\"auto, (max-width: 746px) 100vw, 746px\" itemprop=\"image\">Le minist\u00e8re de la Sant\u00e9 a d\u00e9menti, lundi, les informations erron\u00e9es et injustes, bas\u00e9es sur une fuite ill\u00e9gale du rapport provisoire et non d\u00e9finitif des membres de la commission parlementaire charg\u00e9e du contr\u00f4le des march\u00e9s d\u2019acquisition d\u2019\u00e9quipements et de fournitures m\u00e9dicaux pour lutter contre la Covid-19. Le minist\u00e8re souligne que<\/div>\n<p>Auteur: challenge<br \/>\n<a href=\"https:\/\/www.challenge.ma\/marches-dequipements-medicaux-le-ministere-de-la-sante-dement-les-informations-erronees-193264\/\">Cliquez ici pour lire l&rsquo;article depuis sa source.<\/a><\/p>\n","protected":false},"excerpt":{"rendered":"<p>Le minist\u00e8re de la Sant\u00e9 a d\u00e9menti, lundi, les informations erron\u00e9es et injustes, bas\u00e9es sur une fuite ill\u00e9gale du rapport provisoire et non d\u00e9finitif des membres de la commission parlementaire charg\u00e9e du contr\u00f4le des march\u00e9s d\u2019acquisition d\u2019\u00e9quipements et de fournitures m\u00e9dicaux pour lutter contre la Covid-19. Le minist\u00e8re souligne que Auteur: challenge Cliquez ici pour [&hellip;]<\/p>\n","protected":false},"author":1787,"featured_media":0,"comment_status":"closed","ping_status":"closed","sticky":false,"template":"","format":"standard","meta":{"fifu_image_url":"https:\/\/www.challenge.ma\/wp-content\/uploads\/2021\/03\/MINISTRE-1.jpg","fifu_image_alt":"March\u00e9s d\u2019\u00e9quipements m\u00e9dicaux. Le minist\u00e8re de la Sant\u00e9 d\u00e9ment les \u00abinformations erron\u00e9es\u00bb","footnotes":""},"categories":[78,54],"tags":[],"class_list":["post-121891","post","type-post","status-publish","format-standard","hentry","category-economie","category-maroc"],"_links":{"self":[{"href":"https:\/\/linitiative.ca\/International\/wp-json\/wp\/v2\/posts\/121891","targetHints":{"allow":["GET"]}}],"collection":[{"href":"https:\/\/linitiative.ca\/International\/wp-json\/wp\/v2\/posts"}],"about":[{"href":"https:\/\/linitiative.ca\/International\/wp-json\/wp\/v2\/types\/post"}],"author":[{"embeddable":true,"href":"https:\/\/linitiative.ca\/International\/wp-json\/wp\/v2\/users\/1787"}],"replies":[{"embeddable":true,"href":"https:\/\/linitiative.ca\/International\/wp-json\/wp\/v2\/comments?post=121891"}],"version-history":[{"count":0,"href":"https:\/\/linitiative.ca\/International\/wp-json\/wp\/v2\/posts\/121891\/revisions"}],"wp:attachment":[{"href":"https:\/\/linitiative.ca\/International\/wp-json\/wp\/v2\/media?parent=121891"}],"wp:term":[{"taxonomy":"category","embeddable":true,"href":"https:\/\/linitiative.ca\/International\/wp-json\/wp\/v2\/categories?post=121891"},{"taxonomy":"post_tag","embeddable":true,"href":"https:\/\/linitiative.ca\/International\/wp-json\/wp\/v2\/tags?post=121891"}],"curies":[{"name":"wp","href":"https:\/\/api.w.org\/{rel}","templated":true}]}}