{"id":121893,"date":"2021-07-19T16:29:44","date_gmt":"2021-07-19T20:29:44","guid":{"rendered":"https:\/\/linitiative.ca\/International\/esperance-nabil-maaloul-ne-viendra-pas-voici-les-raisons\/"},"modified":"2021-07-19T16:29:44","modified_gmt":"2021-07-19T20:29:44","slug":"esperance-nabil-maaloul-ne-viendra-pas-voici-les-raisons","status":"publish","type":"post","link":"https:\/\/linitiative.ca\/International\/esperance-nabil-maaloul-ne-viendra-pas-voici-les-raisons\/","title":{"rendered":"Esp\u00e9rance : Nabil Maaloul ne viendra pas, voici les raisons !"},"content":{"rendered":"<div>\n<p>A quelques jours de la reprise des entrainements collectifs \u00e0 l\u2019Esp\u00e9rance Sportive de Tunis, tout ne semble pas \u00eatre totalement clair au sujet du nouveau staff technique. Alors que Nabil Maaloul devait d\u00e9buter ses nouvelles fonctions cette semaine, un diff\u00e9rend pourrait reporter cette prise de fonction. En effet, Nabil Maaloul et Hamdi Meddeb ne seraient [\u2026]<\/p>\n<p>L\u2019article <a href=\"https:\/\/sport.tunisienumerique.com\/esperance-nabil-maaloul-ne-viendra-pas-voici-les-raisons\/\">Esp\u00e9rance : Nabil Maaloul ne viendra pas, voici les raisons !<\/a> est apparu en premier sur <a href=\"https:\/\/www.tunisienumerique.com\/\">Tunisie<\/a>.<\/p>\n<\/div>\n<p>Auteur:<br \/>\n<a href=\"https:\/\/sport.tunisienumerique.com\/esperance-nabil-maaloul-ne-viendra-pas-voici-les-raisons\/\">Cliquez ici pour lire l&rsquo;article depuis sa source.<\/a><\/p>\n","protected":false},"excerpt":{"rendered":"<p>A quelques jours de la reprise des entrainements collectifs \u00e0 l\u2019Esp\u00e9rance Sportive de Tunis, tout ne semble pas \u00eatre totalement clair au sujet du nouveau staff technique. Alors que Nabil Maaloul devait d\u00e9buter ses nouvelles fonctions cette semaine, un diff\u00e9rend pourrait reporter cette prise de fonction. En effet, Nabil Maaloul et Hamdi Meddeb ne seraient [&hellip;]<\/p>\n","protected":false},"author":1789,"featured_media":0,"comment_status":"closed","ping_status":"closed","sticky":false,"template":"","format":"standard","meta":{"fifu_image_url":"","fifu_image_alt":"","footnotes":""},"categories":[73,55],"tags":[],"class_list":["post-121893","post","type-post","status-publish","format-standard","hentry","category-actualite","category-tunisie"],"_links":{"self":[{"href":"https:\/\/linitiative.ca\/International\/wp-json\/wp\/v2\/posts\/121893","targetHints":{"allow":["GET"]}}],"collection":[{"href":"https:\/\/linitiative.ca\/International\/wp-json\/wp\/v2\/posts"}],"about":[{"href":"https:\/\/linitiative.ca\/International\/wp-json\/wp\/v2\/types\/post"}],"author":[{"embeddable":true,"href":"https:\/\/linitiative.ca\/International\/wp-json\/wp\/v2\/users\/1789"}],"replies":[{"embeddable":true,"href":"https:\/\/linitiative.ca\/International\/wp-json\/wp\/v2\/comments?post=121893"}],"version-history":[{"count":0,"href":"https:\/\/linitiative.ca\/International\/wp-json\/wp\/v2\/posts\/121893\/revisions"}],"wp:attachment":[{"href":"https:\/\/linitiative.ca\/International\/wp-json\/wp\/v2\/media?parent=121893"}],"wp:term":[{"taxonomy":"category","embeddable":true,"href":"https:\/\/linitiative.ca\/International\/wp-json\/wp\/v2\/categories?post=121893"},{"taxonomy":"post_tag","embeddable":true,"href":"https:\/\/linitiative.ca\/International\/wp-json\/wp\/v2\/tags?post=121893"}],"curies":[{"name":"wp","href":"https:\/\/api.w.org\/{rel}","templated":true}]}}