{"id":121894,"date":"2021-07-19T16:34:49","date_gmt":"2021-07-19T20:34:49","guid":{"rendered":"https:\/\/linitiative.ca\/International\/tunisie-35-concentrateurs-emmenes-a-djerba-par-avion-militaire-quelle-idee-insensee\/"},"modified":"2021-07-19T16:34:49","modified_gmt":"2021-07-19T20:34:49","slug":"tunisie-35-concentrateurs-emmenes-a-djerba-par-avion-militaire-quelle-idee-insensee","status":"publish","type":"post","link":"https:\/\/linitiative.ca\/International\/tunisie-35-concentrateurs-emmenes-a-djerba-par-avion-militaire-quelle-idee-insensee\/","title":{"rendered":"Tunisie \u2013 35 concentrateurs emmen\u00e9s \u00e0 Djerba par avion militaire\u2026 Quelle id\u00e9e insens\u00e9e\u00a0!!"},"content":{"rendered":"<div>\n<p>L\u2019information \u00e9tait, \u00e0 peine croyable. 35 concentrateurs d\u2019oxyg\u00e8ne ont \u00e9t\u00e9 achemin\u00e9s \u00e0 l\u2019\u00eele de Djerba, \u00e0 bord d\u2019un avion militaire\u00a0! Oui\u2026 Rien que \u00e7\u00e0\u00a0! On a mobilis\u00e9 un avion militaire pour le transport de 35 concentrateurs d\u2019oxyg\u00e8ne \u00e0 Djerba. C\u2019est-\u00e0-dire qu\u2019on a d\u00e9pens\u00e9, rien qu\u2019en k\u00e9ros\u00e8ne, des dizaines de fois le prix de ces concentrateurs. [\u2026]<\/p>\n<p>L\u2019article <a href=\"https:\/\/www.tunisienumerique.com\/tunisie-35-concentrateurs-emmenes-a-djerba-par-avion-militaire-quelle-idee-insensee\/\">Tunisie \u2013 35 concentrateurs emmen\u00e9s \u00e0 Djerba par avion militaire\u2026 Quelle id\u00e9e insens\u00e9e\u00a0!!<\/a> est apparu en premier sur <a href=\"https:\/\/www.tunisienumerique.com\/\">Tunisie<\/a>.<\/p>\n<\/div>\n<p>Auteur: Saber .<br \/>\n<a href=\"https:\/\/www.tunisienumerique.com\/tunisie-35-concentrateurs-emmenes-a-djerba-par-avion-militaire-quelle-idee-insensee\/\">Cliquez ici pour lire l&rsquo;article depuis sa source.<\/a><\/p>\n","protected":false},"excerpt":{"rendered":"<p>L\u2019information \u00e9tait, \u00e0 peine croyable. 35 concentrateurs d\u2019oxyg\u00e8ne ont \u00e9t\u00e9 achemin\u00e9s \u00e0 l\u2019\u00eele de Djerba, \u00e0 bord d\u2019un avion militaire\u00a0! Oui\u2026 Rien que \u00e7\u00e0\u00a0! On a mobilis\u00e9 un avion militaire pour le transport de 35 concentrateurs d\u2019oxyg\u00e8ne \u00e0 Djerba. C\u2019est-\u00e0-dire qu\u2019on a d\u00e9pens\u00e9, rien qu\u2019en k\u00e9ros\u00e8ne, des dizaines de fois le prix de ces concentrateurs. [&hellip;]<\/p>\n","protected":false},"author":1789,"featured_media":0,"comment_status":"closed","ping_status":"closed","sticky":false,"template":"","format":"standard","meta":{"fifu_image_url":"","fifu_image_alt":"","footnotes":""},"categories":[73,55],"tags":[],"class_list":["post-121894","post","type-post","status-publish","format-standard","hentry","category-actualite","category-tunisie"],"_links":{"self":[{"href":"https:\/\/linitiative.ca\/International\/wp-json\/wp\/v2\/posts\/121894","targetHints":{"allow":["GET"]}}],"collection":[{"href":"https:\/\/linitiative.ca\/International\/wp-json\/wp\/v2\/posts"}],"about":[{"href":"https:\/\/linitiative.ca\/International\/wp-json\/wp\/v2\/types\/post"}],"author":[{"embeddable":true,"href":"https:\/\/linitiative.ca\/International\/wp-json\/wp\/v2\/users\/1789"}],"replies":[{"embeddable":true,"href":"https:\/\/linitiative.ca\/International\/wp-json\/wp\/v2\/comments?post=121894"}],"version-history":[{"count":0,"href":"https:\/\/linitiative.ca\/International\/wp-json\/wp\/v2\/posts\/121894\/revisions"}],"wp:attachment":[{"href":"https:\/\/linitiative.ca\/International\/wp-json\/wp\/v2\/media?parent=121894"}],"wp:term":[{"taxonomy":"category","embeddable":true,"href":"https:\/\/linitiative.ca\/International\/wp-json\/wp\/v2\/categories?post=121894"},{"taxonomy":"post_tag","embeddable":true,"href":"https:\/\/linitiative.ca\/International\/wp-json\/wp\/v2\/tags?post=121894"}],"curies":[{"name":"wp","href":"https:\/\/api.w.org\/{rel}","templated":true}]}}