{"id":121896,"date":"2021-07-19T16:48:26","date_gmt":"2021-07-19T20:48:26","guid":{"rendered":"https:\/\/linitiative.ca\/International\/mahdia-dons-medicaux-le-gouverneur-accorde-a-lhopital-del-jem-deux-machines-a-oxygene\/"},"modified":"2021-07-19T16:48:26","modified_gmt":"2021-07-19T20:48:26","slug":"mahdia-dons-medicaux-le-gouverneur-accorde-a-lhopital-del-jem-deux-machines-a-oxygene","status":"publish","type":"post","link":"https:\/\/linitiative.ca\/International\/mahdia-dons-medicaux-le-gouverneur-accorde-a-lhopital-del-jem-deux-machines-a-oxygene\/","title":{"rendered":"Mahdia-Dons m\u00e9dicaux : Le Gouverneur accorde \u00e0 l\u2019h\u00f4pital d\u2019El-Jem deux machines \u00e0 oxyg\u00e8ne"},"content":{"rendered":"<div>\n<p>Dans le cadre de la lutte contre la pand\u00e9mie de la Covid-19, le Gouverneur de Mahdia, Abdelfattah Chakchouk, accompagn\u00e9 du d\u00e9l\u00e9gu\u00e9 d\u2019El Jem et du Directeur R\u00e9gional de la Sant\u00e9, s\u2019est rendu lundi 19 juillet \u00e0 la d\u00e9l\u00e9gation d\u2019El Jem, o\u00f9 il a pris en charge la livraison de 2 concentrateurs d\u2019oxyg\u00e8ne (capacit\u00e9 de 10 [\u2026]<\/p>\n<p>L\u2019article <a href=\"https:\/\/www.tunisienumerique.com\/mahdia-dons-medicaux-le-gouverneur-accorde-a-lhopital-del-jem-deux-machines-a-oxygene\/\">Mahdia-Dons m\u00e9dicaux : Le Gouverneur accorde \u00e0 l\u2019h\u00f4pital d\u2019El-Jem deux machines \u00e0 oxyg\u00e8ne<\/a> est apparu en premier sur <a href=\"https:\/\/www.tunisienumerique.com\/\">Tunisie<\/a>.<\/p>\n<\/div>\n<p>Auteur: rania ben slimane<br \/>\n<a href=\"https:\/\/www.tunisienumerique.com\/mahdia-dons-medicaux-le-gouverneur-accorde-a-lhopital-del-jem-deux-machines-a-oxygene\/\">Cliquez ici pour lire l&rsquo;article depuis sa source.<\/a><\/p>\n","protected":false},"excerpt":{"rendered":"<p>Dans le cadre de la lutte contre la pand\u00e9mie de la Covid-19, le Gouverneur de Mahdia, Abdelfattah Chakchouk, accompagn\u00e9 du d\u00e9l\u00e9gu\u00e9 d\u2019El Jem et du Directeur R\u00e9gional de la Sant\u00e9, s\u2019est rendu lundi 19 juillet \u00e0 la d\u00e9l\u00e9gation d\u2019El Jem, o\u00f9 il a pris en charge la livraison de 2 concentrateurs d\u2019oxyg\u00e8ne (capacit\u00e9 de 10 [&hellip;]<\/p>\n","protected":false},"author":1789,"featured_media":0,"comment_status":"closed","ping_status":"closed","sticky":false,"template":"","format":"standard","meta":{"fifu_image_url":"","fifu_image_alt":"","footnotes":""},"categories":[73,55],"tags":[],"class_list":["post-121896","post","type-post","status-publish","format-standard","hentry","category-actualite","category-tunisie"],"_links":{"self":[{"href":"https:\/\/linitiative.ca\/International\/wp-json\/wp\/v2\/posts\/121896","targetHints":{"allow":["GET"]}}],"collection":[{"href":"https:\/\/linitiative.ca\/International\/wp-json\/wp\/v2\/posts"}],"about":[{"href":"https:\/\/linitiative.ca\/International\/wp-json\/wp\/v2\/types\/post"}],"author":[{"embeddable":true,"href":"https:\/\/linitiative.ca\/International\/wp-json\/wp\/v2\/users\/1789"}],"replies":[{"embeddable":true,"href":"https:\/\/linitiative.ca\/International\/wp-json\/wp\/v2\/comments?post=121896"}],"version-history":[{"count":0,"href":"https:\/\/linitiative.ca\/International\/wp-json\/wp\/v2\/posts\/121896\/revisions"}],"wp:attachment":[{"href":"https:\/\/linitiative.ca\/International\/wp-json\/wp\/v2\/media?parent=121896"}],"wp:term":[{"taxonomy":"category","embeddable":true,"href":"https:\/\/linitiative.ca\/International\/wp-json\/wp\/v2\/categories?post=121896"},{"taxonomy":"post_tag","embeddable":true,"href":"https:\/\/linitiative.ca\/International\/wp-json\/wp\/v2\/tags?post=121896"}],"curies":[{"name":"wp","href":"https:\/\/api.w.org\/{rel}","templated":true}]}}