{"id":121897,"date":"2021-07-19T17:18:52","date_gmt":"2021-07-19T21:18:52","guid":{"rendered":"https:\/\/linitiative.ca\/International\/manouba-kais-saied-en-direct-nous-sommes-en-course-contre-la-montre\/"},"modified":"2021-07-19T17:18:52","modified_gmt":"2021-07-19T21:18:52","slug":"manouba-kais-saied-en-direct-nous-sommes-en-course-contre-la-montre","status":"publish","type":"post","link":"https:\/\/linitiative.ca\/International\/manouba-kais-saied-en-direct-nous-sommes-en-course-contre-la-montre\/","title":{"rendered":"Manouba-Kais Saied [EN DIRECT] : \u00ab Nous sommes en course contre la montre ! \u00bb"},"content":{"rendered":"<div>\n<p>Le pr\u00e9sident de la R\u00e9publique, Kais Saied a visit\u00e9 aujourd\u2019hui 19 juillet 2021 l\u2019h\u00f4pital de campagne en cours de construction \u00e0 la Manouba, accompagn\u00e9 par l\u2019ambassadeur du Maroc en Tunisie. Au cours de la visite, Kais Saied a f\u00e9licit\u00e9 le peuple tunisien et le monde musulman \u00e0 l\u2019occasion de l\u2019av\u00e8nement de Aid Al-Adha. En outre, [\u2026]<\/p>\n<p>L\u2019article <a href=\"https:\/\/www.tunisienumerique.com\/manouba-kais-saied-en-direct-nous-sommes-en-course-contre-la-montre\/\">Manouba-Kais Saied [EN DIRECT] : \u00ab Nous sommes en course contre la montre ! \u00bb<\/a> est apparu en premier sur <a href=\"https:\/\/www.tunisienumerique.com\/\">Tunisie<\/a>.<\/p>\n<\/div>\n<p>Auteur: rania ben slimane<br \/>\n<a href=\"https:\/\/www.tunisienumerique.com\/manouba-kais-saied-en-direct-nous-sommes-en-course-contre-la-montre\/\">Cliquez ici pour lire l&rsquo;article depuis sa source.<\/a><\/p>\n","protected":false},"excerpt":{"rendered":"<p>Le pr\u00e9sident de la R\u00e9publique, Kais Saied a visit\u00e9 aujourd\u2019hui 19 juillet 2021 l\u2019h\u00f4pital de campagne en cours de construction \u00e0 la Manouba, accompagn\u00e9 par l\u2019ambassadeur du Maroc en Tunisie. Au cours de la visite, Kais Saied a f\u00e9licit\u00e9 le peuple tunisien et le monde musulman \u00e0 l\u2019occasion de l\u2019av\u00e8nement de Aid Al-Adha. En outre, [&hellip;]<\/p>\n","protected":false},"author":1789,"featured_media":0,"comment_status":"closed","ping_status":"closed","sticky":false,"template":"","format":"standard","meta":{"fifu_image_url":"","fifu_image_alt":"","footnotes":""},"categories":[73,55],"tags":[],"class_list":["post-121897","post","type-post","status-publish","format-standard","hentry","category-actualite","category-tunisie"],"_links":{"self":[{"href":"https:\/\/linitiative.ca\/International\/wp-json\/wp\/v2\/posts\/121897","targetHints":{"allow":["GET"]}}],"collection":[{"href":"https:\/\/linitiative.ca\/International\/wp-json\/wp\/v2\/posts"}],"about":[{"href":"https:\/\/linitiative.ca\/International\/wp-json\/wp\/v2\/types\/post"}],"author":[{"embeddable":true,"href":"https:\/\/linitiative.ca\/International\/wp-json\/wp\/v2\/users\/1789"}],"replies":[{"embeddable":true,"href":"https:\/\/linitiative.ca\/International\/wp-json\/wp\/v2\/comments?post=121897"}],"version-history":[{"count":0,"href":"https:\/\/linitiative.ca\/International\/wp-json\/wp\/v2\/posts\/121897\/revisions"}],"wp:attachment":[{"href":"https:\/\/linitiative.ca\/International\/wp-json\/wp\/v2\/media?parent=121897"}],"wp:term":[{"taxonomy":"category","embeddable":true,"href":"https:\/\/linitiative.ca\/International\/wp-json\/wp\/v2\/categories?post=121897"},{"taxonomy":"post_tag","embeddable":true,"href":"https:\/\/linitiative.ca\/International\/wp-json\/wp\/v2\/tags?post=121897"}],"curies":[{"name":"wp","href":"https:\/\/api.w.org\/{rel}","templated":true}]}}