{"id":121898,"date":"2021-07-19T15:30:18","date_gmt":"2021-07-19T19:30:18","guid":{"rendered":"https:\/\/linitiative.ca\/International\/proces-de-jacob-zuma\/"},"modified":"2021-07-19T15:30:18","modified_gmt":"2021-07-19T19:30:18","slug":"proces-de-jacob-zuma","status":"publish","type":"post","link":"https:\/\/linitiative.ca\/International\/proces-de-jacob-zuma\/","title":{"rendered":"PROCES DE JACOB ZUMA"},"content":{"rendered":"<div>\n<p><img decoding=\"async\" width=\"1191\" height=\"669\" src=\"https:\/\/linitiative.ca\/International\/wp-content\/uploads\/sites\/23\/2021\/07\/ZUMA-3.jpg\" class=\"attachment- size- wp-post-image\" alt=\"\" loading=\"lazy\" style=\"float:left; margin:0 15px 15px 0;\" srcset=\"https:\/\/linitiative.ca\/International\/wp-content\/uploads\/sites\/23\/2021\/07\/ZUMA-3.jpg 1191w, https:\/\/lepays.bf\/wp-content\/uploads\/2021\/07\/ZUMA-3-300x169.jpg 300w, https:\/\/lepays.bf\/wp-content\/uploads\/2021\/07\/ZUMA-3-1024x575.jpg 1024w, https:\/\/lepays.bf\/wp-content\/uploads\/2021\/07\/ZUMA-3-768x431.jpg 768w, https:\/\/lepays.bf\/wp-content\/uploads\/2021\/07\/ZUMA-3-390x220.jpg 390w\" sizes=\"auto, (max-width: 1191px) 100vw, 1191px\">Le 19 juillet 2021, l\u2019ex-pr\u00e9sident sud-africain, Jacob Zuma, d\u00e9j\u00e0 incarc\u00e9r\u00e9 pour outrage \u00e0 la Justice, a comparu virtuellement devant le tribunal de Pietermaritzburg pour r\u00e9pondre de 16 chefs d\u2019accusation de fraude, corruption et racket li\u00e9 \u00e0 l\u2019achat, en 1999, de mat\u00e9riel militaire aupr\u00e8s de cinq soci\u00e9t\u00e9s d\u2019armement europ\u00e9ennes alors qu\u2019il \u00e9tait vice-pr\u00e9sident. L\u2019homme est accus\u00e9 \u2026<\/p>\n<p>L\u2019article <a rel=\"nofollow\" href=\"https:\/\/lepays.bf\/proces-de-jacob-zuma\/\">PROCES DE JACOB ZUMA<\/a> est apparu en premier sur <a rel=\"nofollow\" href=\"https:\/\/lepays.bf\/\">Editions Le Pays<\/a>.<\/p>\n<\/div>\n<p>Auteur: Editions LEPAYS<br \/>\n<a href=\"https:\/\/lepays.bf\/proces-de-jacob-zuma\/\">Cliquez ici pour lire l&rsquo;article depuis sa source.<\/a><\/p>\n","protected":false},"excerpt":{"rendered":"<p>Le 19 juillet 2021, l\u2019ex-pr\u00e9sident sud-africain, Jacob Zuma, d\u00e9j\u00e0 incarc\u00e9r\u00e9 pour outrage \u00e0 la Justice, a comparu virtuellement devant le tribunal de Pietermaritzburg pour r\u00e9pondre de 16 chefs d\u2019accusation de fraude, corruption et racket li\u00e9 \u00e0 l\u2019achat, en 1999, de mat\u00e9riel militaire aupr\u00e8s de cinq soci\u00e9t\u00e9s d\u2019armement europ\u00e9ennes alors qu\u2019il \u00e9tait vice-pr\u00e9sident. L\u2019homme est accus\u00e9 [&hellip;]<\/p>\n","protected":false},"author":1813,"featured_media":0,"comment_status":"closed","ping_status":"closed","sticky":false,"template":"","format":"standard","meta":{"fifu_image_url":"https:\/\/lepays.bf\/wp-content\/uploads\/2021\/07\/ZUMA-3.jpg","fifu_image_alt":"PROCES DE JACOB ZUMA","footnotes":""},"categories":[73,81],"tags":[],"class_list":["post-121898","post","type-post","status-publish","format-standard","hentry","category-actualite","category-burkina-faso"],"_links":{"self":[{"href":"https:\/\/linitiative.ca\/International\/wp-json\/wp\/v2\/posts\/121898","targetHints":{"allow":["GET"]}}],"collection":[{"href":"https:\/\/linitiative.ca\/International\/wp-json\/wp\/v2\/posts"}],"about":[{"href":"https:\/\/linitiative.ca\/International\/wp-json\/wp\/v2\/types\/post"}],"author":[{"embeddable":true,"href":"https:\/\/linitiative.ca\/International\/wp-json\/wp\/v2\/users\/1813"}],"replies":[{"embeddable":true,"href":"https:\/\/linitiative.ca\/International\/wp-json\/wp\/v2\/comments?post=121898"}],"version-history":[{"count":0,"href":"https:\/\/linitiative.ca\/International\/wp-json\/wp\/v2\/posts\/121898\/revisions"}],"wp:attachment":[{"href":"https:\/\/linitiative.ca\/International\/wp-json\/wp\/v2\/media?parent=121898"}],"wp:term":[{"taxonomy":"category","embeddable":true,"href":"https:\/\/linitiative.ca\/International\/wp-json\/wp\/v2\/categories?post=121898"},{"taxonomy":"post_tag","embeddable":true,"href":"https:\/\/linitiative.ca\/International\/wp-json\/wp\/v2\/tags?post=121898"}],"curies":[{"name":"wp","href":"https:\/\/api.w.org\/{rel}","templated":true}]}}