{"id":121900,"date":"2021-07-18T17:45:10","date_gmt":"2021-07-18T21:45:10","guid":{"rendered":"https:\/\/linitiative.ca\/International\/foncier-au-burkina-faso-la-confederation-paysanne-du-faso-deplore-laccaparement-des-terres\/"},"modified":"2021-07-18T17:45:10","modified_gmt":"2021-07-18T21:45:10","slug":"foncier-au-burkina-faso-la-confederation-paysanne-du-faso-deplore-laccaparement-des-terres","status":"publish","type":"post","link":"https:\/\/linitiative.ca\/International\/foncier-au-burkina-faso-la-confederation-paysanne-du-faso-deplore-laccaparement-des-terres\/","title":{"rendered":"Foncier au Burkina Faso : la Conf\u00e9d\u00e9ration paysanne du Faso d\u00e9plore l\u2019accaparement des terres"},"content":{"rendered":"<div>\n<p><strong>La Conf\u00e9d\u00e9ration paysanne du Faso (CPF) a organis\u00e9 une conf\u00e9rence de presse sur la \u00ab S\u00e9curisation fonci\u00e8re et l\u2019accaparement des terres \u00bb, le vendredi 16 juillet 2021, \u00e0 Ouagadougou.<\/strong><\/p>\n<p>L\u2019ins\u00e9curit\u00e9 fonci\u00e8re au Burkina Faso, aggrav\u00e9e par l\u2019accaparement des terres rurales, est grandissante. C\u2019est le constat fait par la Conf\u00e9d\u00e9ration paysanne du Faso (CPF) lors d\u2019une conf\u00e9rence de presse, le vendredi 16 juillet 2021, \u00e0 Ouagadougou sur le th\u00e8me\u00a0: \u00ab\u00a0S\u00e9curisation fonci\u00e8re et accaparement des terres\u00a0\u00bb. Selon le Secr\u00e9taire g\u00e9n\u00e9ral (SG) de la F\u00e9d\u00e9ration des professionnelles agricoles du Burkina (FEPAB), Marc Gansonr\u00e9, si l\u2019on y prend garde, cette situation fonci\u00e8re pourrait saper l\u2019atteinte de la s\u00e9curit\u00e9 et de la souverainet\u00e9 alimentaires au Burkina Faso.<\/p>\n<p>A l\u2019entendre, malgr\u00e9 l\u2019existence de la loi 034-2009\/AN du 16 juin 2009 portant r\u00e9gime foncier rural qui avait suscit\u00e9 un espoir chez les exploitants familiaux, le foncier est aujourd\u2019hui probl\u00e9matique. Au lieu qu\u2019elle soit l\u2019un des leviers majeurs de d\u00e9veloppement durable, la terre, a expliqu\u00e9 Marc Gansonr\u00e9, est devenue une source d\u2019inqui\u00e9tudes pour les populations. Pour lui, le foncier ne peut pas \u00eatre un instrument de d\u00e9veloppement si les politiques et les pratiques sont antinomiques. Il a \u00e9galement d\u00e9plor\u00e9 l\u2019absence et la l\u00e9thargie des institutions de gestion fonci\u00e8re, l\u2019urbanisation acc\u00e9l\u00e9r\u00e9e, le fait que les int\u00e9r\u00eats des g\u00e9n\u00e9rations futures soient bafou\u00e9s et la relecture en vue de la loi 034-2009 qui inqui\u00e8te les petits producteurs.<\/p>\n<p>M. Gansonr\u00e9 a aussi point\u00e9 du doigt la ru\u00e9e vers la terre marqu\u00e9e par des acquisitions fonci\u00e8res \u00e0 grande \u00e9chelle \u00e0 des fins de promotion immobili\u00e8re, d\u2019agrobusiness ou d\u2019exploitation mini\u00e8re. En cons\u00e9quence, foi du SG de la FEPAB, ces ph\u00e9nom\u00e8nes portent en eux-m\u00eames, les germes de risques d\u2019exclusion fonci\u00e8re. Ils sont qualifi\u00e9s, a-t-il ajout\u00e9, de bombe \u00e0 retardement avec \u00e0 la cl\u00e9 des conflits, des menaces sur la s\u00e9curit\u00e9 alimentaire et nutritionnelle, la coh\u00e9sion sociale et la paix dans un contexte de mauvaise gouvernance<br \/>\nfonci\u00e8re.<\/p>\n<h3>Plaidoyer pour le fonds national de s\u00e9curisation fonci\u00e8re<\/h3>\n<figure id=\"attachment_37702\" aria-describedby=\"caption-attachment-37702\" style=\"width: 300px\" class=\"wp-caption alignleft\"><img decoding=\"async\" loading=\"lazy\" class=\"size-medium wp-image-37702\" src=\"https:\/\/linitiative.ca\/International\/wp-content\/uploads\/sites\/23\/2021\/07\/confed-300x169-1.jpg\" alt=\"\" width=\"300\" height=\"169\" srcset=\"https:\/\/linitiative.ca\/International\/wp-content\/uploads\/sites\/23\/2021\/07\/confed-300x169-1.jpg 300w, https:\/\/www.sidwaya.info\/wp-content\/uploads\/2021\/07\/confed-768x433.jpg 768w, https:\/\/www.sidwaya.info\/wp-content\/uploads\/2021\/07\/confed-150x85.jpg 150w, https:\/\/www.sidwaya.info\/wp-content\/uploads\/2021\/07\/confed-696x393.jpg 696w, https:\/\/www.sidwaya.info\/wp-content\/uploads\/2021\/07\/confed-745x420.jpg 745w, https:\/\/www.sidwaya.info\/wp-content\/uploads\/2021\/07\/confed.jpg 780w\" sizes=\"auto, (max-width: 300px) 100vw, 300px\"><figcaption id=\"caption-attachment-37702\" class=\"wp-caption-text\">La s\u00e9curisation des terres au Burkina Faso devrait \u00eatre une urgence.<\/figcaption><\/figure>\n<p>Marc Gansonr\u00e9 a, en outre, point\u00e9 du doigt le projet \u00ab\u00a0Grand Ouaga\u00a0\u00bb qui va engloutir dans un avenir proche pr\u00e8s de 80% des terres agricoles sur lesquelles, les exploitants familiaux n\u2019auront plus droit \u00e0 l\u2019Attestation de possession fonci\u00e8re rurale (APFR). Il y a urgence, \u00e0 ses dires, de s\u00e9curiser le foncier rural pour sa mise en valeur et non s\u00e9curiser la vente du foncier face \u00e0 la faible application de la loi 034-2009. Car, a relev\u00e9 le SG de la FEPAB, la loi souffre de l\u2019effectivit\u00e9 de ses organes techniques de mise en \u0153uvre (Services fonciers ruraux, commissions fonci\u00e8res villageoises, etc.).<\/p>\n<p>\u00ab\u00a0Un besoin de renforcement des capacit\u00e9s de ces structures est hautement urgent en vue de leur permettre de mener leurs missions. On estime \u00e0 peu pr\u00e8s \u00e0 7\u00a0000 APFR d\u00e9livr\u00e9es sur environ 25\u00a0000 demandes exprim\u00e9es. Ce nombre n\u2019est qu\u2019une goutte d\u2019eau comparativement aux besoins de<br \/>\ns\u00e9curisation fonci\u00e8re en milieu rural o\u00f9 l\u2019on d\u00e9nombre plus de 3 millions d\u2019exploitations agricoles\u00bb,a-t-il recommand\u00e9.<\/p>\n<p>Marc Gansonr\u00e9 a exprim\u00e9 son regret de constater que dix ans apr\u00e8s, le fonds de s\u00e9curisation fonci\u00e8re peine \u00e0 voir le jour en d\u00e9pit de l\u2019article 90 de la loi 034-2009 portant sa cr\u00e9ation. Il a ainsi plaid\u00e9 \u00e0 ce que ce fonds soit une r\u00e9alit\u00e9 pour promouvoir et subventionner les op\u00e9rations de s\u00e9curisation fonci\u00e8re en milieu rural ainsi qu\u2019au financement d\u2019op\u00e9rations de gestion fonci\u00e8re rurale. Au regard de ce \u00ab\u00a0tableau sombre\u00a0\u00bb, la CPF, par la voix du SG de la FEPAB, appelle le gouvernement \u00e0 accorder plus d\u2019attention \u00e0 la s\u00e9curisation fonci\u00e8re des exploitations familiales pour promouvoir les investissements.<\/p>\n<p>Ce, a pr\u00e9cis\u00e9 Marc Gansonr\u00e9, pour assurer la s\u00e9curit\u00e9 alimentaire et nutritionnelle et am\u00e9liorer les conditions de vie des populations. De ce fait, il a sugg\u00e9r\u00e9, entre autres, un audit du foncier rural, la mise en \u0153uvre de l\u2019article 218 du Code g\u00e9n\u00e9ral des collectivit\u00e9s territoriales, la fin de la \u00ab\u00a0confusion\u00a0\u00bb et du \u00ab\u00a0chaos\u00a0\u00bb qui mine le foncier rural, notamment son accaparement et pr\u00e9server le patrimoine foncier pour les g\u00e9n\u00e9rations futures.<br \/>\nMais, en r\u00e9alit\u00e9, qu\u2019est-ce qui bloque l\u2019application de la loi 034-2009 ? Face \u00e0 cette question des journalistes, Marc Gansonr\u00e9 a laiss\u00e9 entendre que la balle est dans le camp de l\u2019ex\u00e9cutif pour assurer r\u00e9ellement l\u2019application de la loi pour une s\u00e9curisation fonci\u00e8re rurale efficace.<\/p>\n<p>Par ailleurs, il a salu\u00e9 les actions du gouvernement pour r\u00e9organiser le secteur de la promotion immobili\u00e8re tout en l\u2019invitant \u00e0 impliquer les acteurs du monde rural dans les concertations nationales sur le foncier. Il a, en sus, souhait\u00e9 une bonne campagne agricole 2021-2022 \u00e0 tous ceux qui nourrissent<br \/>\nle Burkina Faso.<\/p>\n<p style=\"text-align: right\"><strong>Boukary BONKOUNGOU<\/strong><\/p>\n<p>\u00a0<\/p>\n<p>L\u2019article <a rel=\"nofollow\" href=\"https:\/\/www.sidwaya.info\/blog\/2021\/07\/18\/foncier-au-burkina-faso-la-confederation-paysanne-du-faso-deplore-laccaparement-des-terres\/\">Foncier au Burkina Faso : la Conf\u00e9d\u00e9ration paysanne du Faso d\u00e9plore l\u2019accaparement des terres<\/a> est apparu en premier sur <a rel=\"nofollow\" href=\"https:\/\/www.sidwaya.info\/\">Quotidien Sidwaya<\/a>.<\/p>\n<\/div>\n<p>Auteur: JK. Sidwaya<br \/>\n<a href=\"https:\/\/www.sidwaya.info\/blog\/2021\/07\/18\/foncier-au-burkina-faso-la-confederation-paysanne-du-faso-deplore-laccaparement-des-terres\/\">Cliquez ici pour lire l&rsquo;article depuis sa source.<\/a><\/p>\n","protected":false},"excerpt":{"rendered":"<p>La Conf\u00e9d\u00e9ration paysanne du Faso (CPF) a organis\u00e9 une conf\u00e9rence de presse sur la \u00ab S\u00e9curisation fonci\u00e8re et l\u2019accaparement des terres \u00bb, le vendredi 16 juillet 2021, \u00e0 Ouagadougou. L\u2019ins\u00e9curit\u00e9 fonci\u00e8re au Burkina Faso, aggrav\u00e9e par l\u2019accaparement des terres rurales, est grandissante. C\u2019est le constat fait par la Conf\u00e9d\u00e9ration paysanne du Faso (CPF) lors d\u2019une [&hellip;]<\/p>\n","protected":false},"author":1816,"featured_media":0,"comment_status":"closed","ping_status":"closed","sticky":false,"template":"","format":"standard","meta":{"fifu_image_url":"https:\/\/www.sidwaya.info\/wp-content\/uploads\/2021\/07\/confed-300x169.jpg","fifu_image_alt":"Foncier au Burkina Faso : la Conf\u00e9d\u00e9ration paysanne du Faso d\u00e9plore l\u2019accaparement des terres","footnotes":""},"categories":[73,81],"tags":[],"class_list":["post-121900","post","type-post","status-publish","format-standard","hentry","category-actualite","category-burkina-faso"],"_links":{"self":[{"href":"https:\/\/linitiative.ca\/International\/wp-json\/wp\/v2\/posts\/121900","targetHints":{"allow":["GET"]}}],"collection":[{"href":"https:\/\/linitiative.ca\/International\/wp-json\/wp\/v2\/posts"}],"about":[{"href":"https:\/\/linitiative.ca\/International\/wp-json\/wp\/v2\/types\/post"}],"author":[{"embeddable":true,"href":"https:\/\/linitiative.ca\/International\/wp-json\/wp\/v2\/users\/1816"}],"replies":[{"embeddable":true,"href":"https:\/\/linitiative.ca\/International\/wp-json\/wp\/v2\/comments?post=121900"}],"version-history":[{"count":0,"href":"https:\/\/linitiative.ca\/International\/wp-json\/wp\/v2\/posts\/121900\/revisions"}],"wp:attachment":[{"href":"https:\/\/linitiative.ca\/International\/wp-json\/wp\/v2\/media?parent=121900"}],"wp:term":[{"taxonomy":"category","embeddable":true,"href":"https:\/\/linitiative.ca\/International\/wp-json\/wp\/v2\/categories?post=121900"},{"taxonomy":"post_tag","embeddable":true,"href":"https:\/\/linitiative.ca\/International\/wp-json\/wp\/v2\/tags?post=121900"}],"curies":[{"name":"wp","href":"https:\/\/api.w.org\/{rel}","templated":true}]}}