{"id":121910,"date":"2021-07-19T10:18:02","date_gmt":"2021-07-19T14:18:02","guid":{"rendered":"https:\/\/linitiative.ca\/International\/mali-la-delegation-de-lunion-africaine-%e2%80%89satisfaite%e2%80%89-de-sa-visite\/"},"modified":"2021-07-19T10:18:02","modified_gmt":"2021-07-19T14:18:02","slug":"mali-la-delegation-de-lunion-africaine-%e2%80%89satisfaite%e2%80%89-de-sa-visite","status":"publish","type":"post","link":"https:\/\/linitiative.ca\/International\/mali-la-delegation-de-lunion-africaine-%e2%80%89satisfaite%e2%80%89-de-sa-visite\/","title":{"rendered":"Mali : la d\u00e9l\u00e9gation de l\u2019Union africaine \u00ab\u2009satisfaite\u2009 \u00bb de sa visite"},"content":{"rendered":"<div>\n<p><img loading=\"lazy\" decoding=\"async\" width=\"1080\" height=\"664\" src=\"https:\/\/linitiative.ca\/International\/wp-content\/uploads\/sites\/23\/2021\/07\/16267042823816.jpg\" class=\"attachment-post-thumbnail size-post-thumbnail wp-post-image\" alt=\"\" srcset=\"https:\/\/linitiative.ca\/International\/wp-content\/uploads\/sites\/23\/2021\/07\/16267042823816.jpg 1080w, https:\/\/www.journalducameroun.com\/wp-content\/uploads\/2021\/07\/16267042823816-300x184.jpg 300w, https:\/\/www.journalducameroun.com\/wp-content\/uploads\/2021\/07\/16267042823816-768x472.jpg 768w, https:\/\/www.journalducameroun.com\/wp-content\/uploads\/2021\/07\/16267042823816-1024x630.jpg 1024w, https:\/\/www.journalducameroun.com\/wp-content\/uploads\/2021\/07\/16267042823816-716x440.jpg 716w, https:\/\/www.journalducameroun.com\/wp-content\/uploads\/2021\/07\/16267042823816-600x369.jpg 600w\" sizes=\"auto, (max-width: 1080px) 100vw, 1080px\"><\/p>\n<p>Les \u00e9missaires du Conseil Paix et S\u00e9curit\u00e9 de l&rsquo;Union africaine (UA), en mission depuis le 14 juillet \u00e0 Bamako, la capitale malienne, ont salu\u00e9 les \u00ab avanc\u00e9es \u00bb de la transition politique dans ce pays.S&rsquo;assurer que le Mali est sur la bonne voie. C&rsquo;\u00e9tait l&rsquo;objectif de la d\u00e9l\u00e9gation de l&rsquo;Union africaine dont le s\u00e9jour au Mali a pris fin vendredi dernier. Ce lundi, sur Twitter, la Pr\u00e9sidence malienne a rapport\u00e9 les propos de Victor Adekele, Repr\u00e9sentant permanent du Nigeria aupr\u00e8s de l&rsquo;organisation panafricaine : \u00ab Nous avons eu des discussions tr\u00e8s fructueuses avec tous les interlocuteurs que nous avons rencontr\u00e9s, \u00e0 commencer par le Premier ministre et certains ministres du gouvernement, les membres de la soci\u00e9t\u00e9 civile\u2026 \u00bb.<\/p>\n<p>De son c\u00f4t\u00e9, le colonel Assimi Go\u00efta, pr\u00e9sident de transition du Mali, a r\u00e9it\u00e9r\u00e9 son engagement \u00e0 respecter la transition cens\u00e9e durer 18 mois. Celle-ci doit notamment d\u00e9boucher sur l&rsquo;organisation d&rsquo;\u00e9lections g\u00e9n\u00e9rales en f\u00e9vrier 2022. En outre, le nouvel homme fort de Bamako a promis de lever\u00a0bient\u00f4t\u00a0les\u00a0restrictions de libert\u00e9 qui p\u00e8sent sur Bah N&rsquo;daw, ancien pr\u00e9sident de la transition, son Premier ministre, Moctar Ouane et d&rsquo;autres personnalit\u00e9s.\u00a0<\/p>\n<p>Lors de son entrevue avec la d\u00e9l\u00e9gation de l&rsquo;UA au Palais de Koulouba, le colonel\u00a0Assimi Go\u00efta\u00a0a aussi mis l&rsquo;accent sur la bonne conduite du m\u00e9canisme de D\u00e9sarmement, D\u00e9mobilisation, R\u00e9insertion (DDR). Pour lui, la crise s\u00e9curitaire au Sahel\u2009sera difficilement g\u00e9rer tant que ce processus \u00ab n&rsquo;est pas activement men\u00e9 \u00bb.\u00a0<\/p>\n<p>Suite \u00e0 la destitution de Bah N&rsquo;daw et Moctar Ouane, l&rsquo;Union africaine a suspendu le Mali de ses instances. Mais avec les \u00ab appr\u00e9ciations positives \u00bb de Goodluck Jonathan, m\u00e9diateur de la Communaut\u00e9 \u00e9conomique des \u00c9tats de l&rsquo;Afrique de l&rsquo;Ouest (C\u00e9d\u00e9ao) et le\u00a0\u00ab satisfecit \u00bb\u00a0de la d\u00e9l\u00e9gation du Conseil Paix et S\u00e9curit\u00e9 de l&rsquo;Union africaine, le Mali peut s&rsquo;attendre \u00e0 une bonne nouvelle. En tout cas, a indiqu\u00e9 M. Adekele, le chef de la d\u00e9l\u00e9gation de l&rsquo;UA, les chefs d&rsquo;\u00c9tat et de gouvernement du continent \u00ab\u2009statueront pour voir quel soutien apporter aux autorit\u00e9s de la transition\u2009\u00bb malienne apr\u00e8s l&rsquo;examen du rapport de la mission.<\/p>\n<p>Cet article <a rel=\"nofollow\" href=\"https:\/\/www.journalducameroun.com\/mali-la-delegation-de-lunion-africaine-%E2%80%89satisfaite%E2%80%89-de-sa-visite\/\">Mali : la d\u00e9l\u00e9gation de l\u2019Union africaine \u00ab\u2009satisfaite\u2009 \u00bb de sa visite<\/a> est apparu en premier sur <a rel=\"nofollow\" href=\"https:\/\/www.journalducameroun.com\/\">Journal du Cameroun<\/a>.<\/p>\n<\/div>\n<p>Auteur: APA News<br \/>\n<a href=\"https:\/\/www.journalducameroun.com\/mali-la-delegation-de-lunion-africaine-%E2%80%89satisfaite%E2%80%89-de-sa-visite\/\">Cliquez ici pour lire l&rsquo;article depuis sa source.<\/a><\/p>\n","protected":false},"excerpt":{"rendered":"<p>Les \u00e9missaires du Conseil Paix et S\u00e9curit\u00e9 de l&rsquo;Union africaine (UA), en mission depuis le 14 juillet \u00e0 Bamako, la capitale malienne, ont salu\u00e9 les \u00ab avanc\u00e9es \u00bb de la transition politique dans ce pays.S&rsquo;assurer que le Mali est sur la bonne voie. C&rsquo;\u00e9tait l&rsquo;objectif de la d\u00e9l\u00e9gation de l&rsquo;Union africaine dont le s\u00e9jour au [&hellip;]<\/p>\n","protected":false},"author":1965,"featured_media":0,"comment_status":"closed","ping_status":"closed","sticky":false,"template":"","format":"standard","meta":{"fifu_image_url":"https:\/\/www.journalducameroun.com\/wp-content\/uploads\/2021\/07\/16267042823816.jpg","fifu_image_alt":"Mali : la d\u00e9l\u00e9gation de l\u2019Union africaine \u00ab\u2009satisfaite\u2009 \u00bb de sa visite","footnotes":""},"categories":[73,82],"tags":[],"class_list":["post-121910","post","type-post","status-publish","format-standard","hentry","category-actualite","category-cameroun"],"_links":{"self":[{"href":"https:\/\/linitiative.ca\/International\/wp-json\/wp\/v2\/posts\/121910","targetHints":{"allow":["GET"]}}],"collection":[{"href":"https:\/\/linitiative.ca\/International\/wp-json\/wp\/v2\/posts"}],"about":[{"href":"https:\/\/linitiative.ca\/International\/wp-json\/wp\/v2\/types\/post"}],"author":[{"embeddable":true,"href":"https:\/\/linitiative.ca\/International\/wp-json\/wp\/v2\/users\/1965"}],"replies":[{"embeddable":true,"href":"https:\/\/linitiative.ca\/International\/wp-json\/wp\/v2\/comments?post=121910"}],"version-history":[{"count":0,"href":"https:\/\/linitiative.ca\/International\/wp-json\/wp\/v2\/posts\/121910\/revisions"}],"wp:attachment":[{"href":"https:\/\/linitiative.ca\/International\/wp-json\/wp\/v2\/media?parent=121910"}],"wp:term":[{"taxonomy":"category","embeddable":true,"href":"https:\/\/linitiative.ca\/International\/wp-json\/wp\/v2\/categories?post=121910"},{"taxonomy":"post_tag","embeddable":true,"href":"https:\/\/linitiative.ca\/International\/wp-json\/wp\/v2\/tags?post=121910"}],"curies":[{"name":"wp","href":"https:\/\/api.w.org\/{rel}","templated":true}]}}