{"id":121912,"date":"2021-07-19T10:18:03","date_gmt":"2021-07-19T14:18:03","guid":{"rendered":"https:\/\/linitiative.ca\/International\/afsud-debut-du-proces-de-zuma-pour-corruption\/"},"modified":"2021-07-19T10:18:03","modified_gmt":"2021-07-19T14:18:03","slug":"afsud-debut-du-proces-de-zuma-pour-corruption","status":"publish","type":"post","link":"https:\/\/linitiative.ca\/International\/afsud-debut-du-proces-de-zuma-pour-corruption\/","title":{"rendered":"Af\u2019Sud : d\u00e9but du proc\u00e8s de Zuma pour corruption"},"content":{"rendered":"<div>\n<p><img loading=\"lazy\" decoding=\"async\" width=\"775\" height=\"517\" src=\"https:\/\/linitiative.ca\/International\/wp-content\/uploads\/sites\/23\/2021\/07\/16267042834200.jpg\" class=\"attachment-post-thumbnail size-post-thumbnail wp-post-image\" alt=\"\" srcset=\"https:\/\/linitiative.ca\/International\/wp-content\/uploads\/sites\/23\/2021\/07\/16267042834200.jpg 775w, https:\/\/www.journalducameroun.com\/wp-content\/uploads\/2021\/07\/16267042834200-300x200.jpg 300w, https:\/\/www.journalducameroun.com\/wp-content\/uploads\/2021\/07\/16267042834200-768x512.jpg 768w, https:\/\/www.journalducameroun.com\/wp-content\/uploads\/2021\/07\/16267042834200-660x440.jpg 660w, https:\/\/www.journalducameroun.com\/wp-content\/uploads\/2021\/07\/16267042834200-600x400.jpg 600w\" sizes=\"auto, (max-width: 775px) 100vw, 775px\"><\/p>\n<p>Le proc\u00e8s virtuel de l&rsquo;ancien pr\u00e9sident sud-africain Jacob Zuma pour fraude et corruption pr\u00e9sum\u00e9es en relation avec un march\u00e9 d&rsquo;armement dans les ann\u00e9es 1990, s&rsquo;est ouvert lundi \u00e0 la Haute cour de Pietermaritzburg.M. Zuma doit r\u00e9pondre des chefs d&rsquo;accusation de corruption, extorsion et blanchiment d&rsquo;argent notamment sur un contrat sign\u00e9 en 1999, dans le cadre duquel il est accus\u00e9 d&rsquo;avoir re\u00e7u des pots-de-vin du g\u00e9ant fran\u00e7ais de l&rsquo;armement Thales, alors qu&rsquo;il \u00e9tait encore vice-pr\u00e9sident.<\/p>\n<p>Zuma souhaitait un report du proc\u00e8s \u00e0 la semaine prochaine, mais la Haute cour a d\u00e9clar\u00e9 qu&rsquo;elle tiendrait une audience virtuelle sur les accusations.<\/p>\n<p>Les avocats de Jacob Zuma ont d\u00e9pos\u00e9 une demande d&rsquo;urgence, indiquant que l&rsquo;ancien pr\u00e9sident souhaitait t\u00e9moigner en personne sur les raisons pour lesquelles il devrait \u00eatre acquitt\u00e9 sans proc\u00e8s.<\/p>\n<p>Le proc\u00e8s a d\u00e9but\u00e9 en mai apr\u00e8s de nombreux reports et retards. Zuma a depuis \u00e9t\u00e9 emprisonn\u00e9 pour une peine de 15 mois pour \u00ab outrage \u00e0 la justice \u00bb.<\/p>\n<p>Cet article <a rel=\"nofollow\" href=\"https:\/\/www.journalducameroun.com\/afsud-debut-du-proces-de-zuma-pour-corruption\/\">Af\u2019Sud : d\u00e9but du proc\u00e8s de Zuma pour corruption<\/a> est apparu en premier sur <a rel=\"nofollow\" href=\"https:\/\/www.journalducameroun.com\/\">Journal du Cameroun<\/a>.<\/p>\n<\/div>\n<p>Auteur: APA News<br \/>\n<a href=\"https:\/\/www.journalducameroun.com\/afsud-debut-du-proces-de-zuma-pour-corruption\/\">Cliquez ici pour lire l&rsquo;article depuis sa source.<\/a><\/p>\n","protected":false},"excerpt":{"rendered":"<p>Le proc\u00e8s virtuel de l&rsquo;ancien pr\u00e9sident sud-africain Jacob Zuma pour fraude et corruption pr\u00e9sum\u00e9es en relation avec un march\u00e9 d&rsquo;armement dans les ann\u00e9es 1990, s&rsquo;est ouvert lundi \u00e0 la Haute cour de Pietermaritzburg.M. Zuma doit r\u00e9pondre des chefs d&rsquo;accusation de corruption, extorsion et blanchiment d&rsquo;argent notamment sur un contrat sign\u00e9 en 1999, dans le cadre [&hellip;]<\/p>\n","protected":false},"author":1965,"featured_media":0,"comment_status":"closed","ping_status":"closed","sticky":false,"template":"","format":"standard","meta":{"fifu_image_url":"https:\/\/www.journalducameroun.com\/wp-content\/uploads\/2021\/07\/16267042834200.jpg","fifu_image_alt":"Af\u2019Sud : d\u00e9but du proc\u00e8s de Zuma pour corruption","footnotes":""},"categories":[73,82],"tags":[],"class_list":["post-121912","post","type-post","status-publish","format-standard","hentry","category-actualite","category-cameroun"],"_links":{"self":[{"href":"https:\/\/linitiative.ca\/International\/wp-json\/wp\/v2\/posts\/121912","targetHints":{"allow":["GET"]}}],"collection":[{"href":"https:\/\/linitiative.ca\/International\/wp-json\/wp\/v2\/posts"}],"about":[{"href":"https:\/\/linitiative.ca\/International\/wp-json\/wp\/v2\/types\/post"}],"author":[{"embeddable":true,"href":"https:\/\/linitiative.ca\/International\/wp-json\/wp\/v2\/users\/1965"}],"replies":[{"embeddable":true,"href":"https:\/\/linitiative.ca\/International\/wp-json\/wp\/v2\/comments?post=121912"}],"version-history":[{"count":0,"href":"https:\/\/linitiative.ca\/International\/wp-json\/wp\/v2\/posts\/121912\/revisions"}],"wp:attachment":[{"href":"https:\/\/linitiative.ca\/International\/wp-json\/wp\/v2\/media?parent=121912"}],"wp:term":[{"taxonomy":"category","embeddable":true,"href":"https:\/\/linitiative.ca\/International\/wp-json\/wp\/v2\/categories?post=121912"},{"taxonomy":"post_tag","embeddable":true,"href":"https:\/\/linitiative.ca\/International\/wp-json\/wp\/v2\/tags?post=121912"}],"curies":[{"name":"wp","href":"https:\/\/api.w.org\/{rel}","templated":true}]}}