{"id":121914,"date":"2021-07-19T11:18:02","date_gmt":"2021-07-19T15:18:02","guid":{"rendered":"https:\/\/linitiative.ca\/International\/senegal-la-societe-nationale-delectricite-appuie-des-groupements-feminins\/"},"modified":"2021-07-19T11:18:02","modified_gmt":"2021-07-19T15:18:02","slug":"senegal-la-societe-nationale-delectricite-appuie-des-groupements-feminins","status":"publish","type":"post","link":"https:\/\/linitiative.ca\/International\/senegal-la-societe-nationale-delectricite-appuie-des-groupements-feminins\/","title":{"rendered":"S\u00e9n\u00e9gal : la soci\u00e9t\u00e9 nationale d\u2019\u00e9lectricit\u00e9 appuie des groupements f\u00e9minins"},"content":{"rendered":"<div>\n<p><img loading=\"lazy\" decoding=\"async\" width=\"1016\" height=\"630\" src=\"https:\/\/linitiative.ca\/International\/wp-content\/uploads\/sites\/23\/2021\/07\/16267078827299.jpg\" class=\"attachment-post-thumbnail size-post-thumbnail wp-post-image\" alt=\"\" srcset=\"https:\/\/linitiative.ca\/International\/wp-content\/uploads\/sites\/23\/2021\/07\/16267078827299.jpg 1016w, https:\/\/www.journalducameroun.com\/wp-content\/uploads\/2021\/07\/16267078827299-300x186.jpg 300w, https:\/\/www.journalducameroun.com\/wp-content\/uploads\/2021\/07\/16267078827299-768x476.jpg 768w, https:\/\/www.journalducameroun.com\/wp-content\/uploads\/2021\/07\/16267078827299-710x440.jpg 710w, https:\/\/www.journalducameroun.com\/wp-content\/uploads\/2021\/07\/16267078827299-600x372.jpg 600w\" sizes=\"auto, (max-width: 1016px) 100vw, 1016px\"><\/p>\n<p>Au total, des mat\u00e9riels estim\u00e9s \u00e0 83 millions f cfa ont \u00e9t\u00e9 octroy\u00e9s \u00e0 des groupements f\u00e9minins du d\u00e9partement de Gu\u00e9diawaye (banlieue dakaroise).Ce don de la Soci\u00e9t\u00e9 nationale d&rsquo;\u00e9lectricit\u00e9 du S\u00e9n\u00e9gal (Senelec) entre dans le cadre du Projet d&rsquo;appui au secteur de l&rsquo;\u00e9lectricit\u00e9 (PASE), cofinanc\u00e9 par la Banque mondiale, la Banque europ\u00e9enne d&rsquo;investissement (BEI), l&rsquo;Agence fran\u00e7aise de d\u00e9veloppement (AFD) et l&rsquo;Union europ\u00e9enne.<\/p>\n<p>Ce premier lot de mat\u00e9riels compos\u00e9s de trois moulins \u00e0 c\u00e9r\u00e9ales, trois d\u00e9cortiqueuses \u00e0 c\u00e9r\u00e9ales, d&rsquo;un moulin \u00e0 disque, d&rsquo;une cha\u00eene de transformation d&rsquo;arachide et des \u00e9quipements \u00e9lectrom\u00e9nagers, vient en soutien aux femmes de la banlieue dans la transformation de c\u00e9r\u00e9ales locales et de fruits et l\u00e9gumes, l&rsquo;aviculture et le commerce de poulets et le mara\u00eechage.<\/p>\n<p>Lors de son allocution, le Directeur g\u00e9n\u00e9ral de Senelec, Papa Mademba Bit\u00e8ye a rappel\u00e9 qu&rsquo;\u00e0 travers ce don, Senelec vient exprimer sa solidarit\u00e9 et son soutien \u00e0 une frange importante de la population : les femmes.<\/p>\n<p>\u00ab A travers cette d\u00e9marche, Senelec poursuit un double objectif \u00e0 savoir contribuer \u00e0 la promotion de la femme \u00e0 travers un usage productif de l&rsquo;\u00e9lectricit\u00e9 et favoriser l&rsquo;acc\u00e8s universel \u00e0 l&rsquo;\u00e9lectricit\u00e9 \u00bb, a dit M. Bit\u00e8ye dans un communiqu\u00e9 re\u00e7u \u00e0 APA.<\/p>\n<p>Selon lui, l&rsquo;acc\u00e8s universel \u00e0 l&rsquo;\u00e9lectricit\u00e9 ne saurait \u00eatre r\u00e9alis\u00e9 sans op\u00e9rer une discrimination positive \u00e0 l&rsquo;\u00e9gard des femmes. \u00ab L&rsquo;acc\u00e8s des femmes \u00e0 l&rsquo;\u00e9lectricit\u00e9 est une condition sinequanone pour atteindre l&rsquo;acc\u00e8s universel \u00e0 l&rsquo;\u00e9lectricit\u00e9. Ces objectifs sont en droite ligne avec la vision d&rsquo;\u00e9mergence promue par Son Excellence le Pr\u00e9sident de la R\u00e9publique Macky Sall et les engagements de notre pays dans le cadre des Objectifs de D\u00e9veloppement Durable (ODD)\u00a0\u00bb, a indiqu\u00e9 Papa Mademba Bit\u00e8ye.<\/p>\n<p>Il a ajout\u00e9 : \u00ab Aussi, Senelec en raison de son r\u00f4le pivot dans le d\u00e9veloppement de notre pays entend pleinement jouer sa partition. C&rsquo;est pour cette raison que, Senelec, dans le cadre du Projet d&rsquo;appui au secteur de l&rsquo;\u00e9lectricit\u00e9 (PASE), a r\u00e9serv\u00e9 un traitement particulier aux femmes avec la mise en \u0153uvre d&rsquo;un ambitieux programme, destin\u00e9 \u00e0 am\u00e9liorer les conditions de vie des m\u00e9nages vuln\u00e9rables, accro\u00eetre les usages productifs de l&rsquo;\u00e9lectricit\u00e9 et contribuer \u00e0 l&rsquo;autonomisation \u00e9conomique des femmes \u00bb.<\/p>\n<p>En outre Papa Mademba Bit\u00e8ye a saisi l&rsquo;occasion pour annoncer la livraison tr\u00e8s prochaine d&rsquo;un poste injecteur pour le d\u00e9partement pour un co\u00fbt global de 13 milliards. D&rsquo;apr\u00e8s lui, ce poste injecteur r\u00e9alis\u00e9 dans le cadre du PASE va davantage s\u00e9curiser et densifier l&rsquo;alimentation en \u00e9lectricit\u00e9 pour toute la banlieue avec l&rsquo;appui des bailleurs.<\/p>\n<p>Toutes les initiatives de Senelec dans le d\u00e9partement ont \u00e9t\u00e9 salu\u00e9es positivement par le Maire de Gu\u00e9diawaye Aliou Sall qui a f\u00e9licit\u00e9 l&rsquo;entreprise pour sa responsabilit\u00e9 soci\u00e9tale et surtout pour ses efforts dans l&rsquo;am\u00e9lioration des conditions de vie de la population de Gu\u00e9diawaye.<\/p>\n<p>Cet article <a rel=\"nofollow\" href=\"https:\/\/www.journalducameroun.com\/senegal-la-societe-nationale-delectricite-appuie-des-groupements-feminins\/\">S\u00e9n\u00e9gal : la soci\u00e9t\u00e9 nationale d\u2019\u00e9lectricit\u00e9 appuie des groupements f\u00e9minins<\/a> est apparu en premier sur <a rel=\"nofollow\" href=\"https:\/\/www.journalducameroun.com\/\">Journal du Cameroun<\/a>.<\/p>\n<\/div>\n<p>Auteur: APA News<br \/>\n<a href=\"https:\/\/www.journalducameroun.com\/senegal-la-societe-nationale-delectricite-appuie-des-groupements-feminins\/\">Cliquez ici pour lire l&rsquo;article depuis sa source.<\/a><\/p>\n","protected":false},"excerpt":{"rendered":"<p>Au total, des mat\u00e9riels estim\u00e9s \u00e0 83 millions f cfa ont \u00e9t\u00e9 octroy\u00e9s \u00e0 des groupements f\u00e9minins du d\u00e9partement de Gu\u00e9diawaye (banlieue dakaroise).Ce don de la Soci\u00e9t\u00e9 nationale d&rsquo;\u00e9lectricit\u00e9 du S\u00e9n\u00e9gal (Senelec) entre dans le cadre du Projet d&rsquo;appui au secteur de l&rsquo;\u00e9lectricit\u00e9 (PASE), cofinanc\u00e9 par la Banque mondiale, la Banque europ\u00e9enne d&rsquo;investissement (BEI), l&rsquo;Agence [&hellip;]<\/p>\n","protected":false},"author":1965,"featured_media":0,"comment_status":"closed","ping_status":"closed","sticky":false,"template":"","format":"standard","meta":{"fifu_image_url":"https:\/\/www.journalducameroun.com\/wp-content\/uploads\/2021\/07\/16267078827299.jpg","fifu_image_alt":"S\u00e9n\u00e9gal : la soci\u00e9t\u00e9 nationale d\u2019\u00e9lectricit\u00e9 appuie des groupements f\u00e9minins","footnotes":""},"categories":[73,82],"tags":[],"class_list":["post-121914","post","type-post","status-publish","format-standard","hentry","category-actualite","category-cameroun"],"_links":{"self":[{"href":"https:\/\/linitiative.ca\/International\/wp-json\/wp\/v2\/posts\/121914","targetHints":{"allow":["GET"]}}],"collection":[{"href":"https:\/\/linitiative.ca\/International\/wp-json\/wp\/v2\/posts"}],"about":[{"href":"https:\/\/linitiative.ca\/International\/wp-json\/wp\/v2\/types\/post"}],"author":[{"embeddable":true,"href":"https:\/\/linitiative.ca\/International\/wp-json\/wp\/v2\/users\/1965"}],"replies":[{"embeddable":true,"href":"https:\/\/linitiative.ca\/International\/wp-json\/wp\/v2\/comments?post=121914"}],"version-history":[{"count":0,"href":"https:\/\/linitiative.ca\/International\/wp-json\/wp\/v2\/posts\/121914\/revisions"}],"wp:attachment":[{"href":"https:\/\/linitiative.ca\/International\/wp-json\/wp\/v2\/media?parent=121914"}],"wp:term":[{"taxonomy":"category","embeddable":true,"href":"https:\/\/linitiative.ca\/International\/wp-json\/wp\/v2\/categories?post=121914"},{"taxonomy":"post_tag","embeddable":true,"href":"https:\/\/linitiative.ca\/International\/wp-json\/wp\/v2\/tags?post=121914"}],"curies":[{"name":"wp","href":"https:\/\/api.w.org\/{rel}","templated":true}]}}