{"id":121916,"date":"2021-07-19T12:18:02","date_gmt":"2021-07-19T16:18:02","guid":{"rendered":"https:\/\/linitiative.ca\/International\/pillages-lafrique-du-sud-relance-son-economie-ramaphosa\/"},"modified":"2021-07-19T12:18:02","modified_gmt":"2021-07-19T16:18:02","slug":"pillages-lafrique-du-sud-relance-son-economie-ramaphosa","status":"publish","type":"post","link":"https:\/\/linitiative.ca\/International\/pillages-lafrique-du-sud-relance-son-economie-ramaphosa\/","title":{"rendered":"Pillages : l\u2019Afrique du Sud relance son \u00e9conomie (Ramaphosa)"},"content":{"rendered":"<div>\n<p><img loading=\"lazy\" decoding=\"async\" width=\"250\" height=\"200\" src=\"https:\/\/linitiative.ca\/International\/wp-content\/uploads\/sites\/23\/2021\/07\/16267114838411.jpg\" class=\"attachment-post-thumbnail size-post-thumbnail wp-post-image\" alt=\"\"><\/p>\n<p>L&rsquo;Afrique du Sud est en train de se reconstruire apr\u00e8s les r\u00e9cents pillages et violences, selon son pr\u00e9sident Cyril Ramaphosa.Dans son message hebdomadaire \u00e0 la nation apr\u00e8s les pires troubles dans le pays depuis la fin de l&rsquo;apartheid, M. Ramaphosa a soutenu que son pays \u00ab en train de relancer son \u00e9conomie \u00bb.<\/p>\n<p>Les \u00e9v\u00e9nements de la semaine derni\u00e8re suite \u00e0 l&#8217;emprisonnement de l&rsquo;ex-pr\u00e9sident Jacob Zuma \u00ab sont un rappel brutal de la profondeur des probl\u00e8mes et du chemin qu&rsquo;il nous reste \u00e0 parcourir \u00bb.<\/p>\n<p>\u00ab Ces \u00e9v\u00e9nements doivent nous conduire \u00e0 agir avec plus de d\u00e9termination et de diligence \u00bb, a d\u00e9clar\u00e9 Ramaphosa.<\/p>\n<p>Il a fait remarquer que les r\u00e9cents troubles ont entra\u00een\u00e9 la mort de 212 personnes et le pillage de biens publics et priv\u00e9s, la destruction d&rsquo;infrastructures \u00e0 hauteur de plusieurs millions de dollars et la suspension de services essentiels dans les provinces du Kwazulu-Natal et du Gauteng.<\/p>\n<p>\u00ab Alors que nous nous effor\u00e7ons de stabiliser le pays, de s\u00e9curiser les fournitures et de prot\u00e9ger les infrastructures essentielles, nous devons \u00e9galement travailler ensemble pour att\u00e9nuer les effets de ces troubles sur les personnes les plus vuln\u00e9rables de la soci\u00e9t\u00e9 \u00bb, a ajout\u00e9 le pr\u00e9sident.<\/p>\n<p>Il a \u00e9voqu\u00e9 l&rsquo;urgence de transformer l&rsquo;\u00e9conomie, de cr\u00e9er des emplois et de partager les richesses du pays pour tirer des millions de Sud-Africains des affres de la pauvret\u00e9.<\/p>\n<p>\u00ab Nous devons transformer fondamentalement notre \u00e9conomie et notre soci\u00e9t\u00e9, en intensifiant nos efforts pour cr\u00e9er des emplois, sortir des millions de personnes de la pauvret\u00e9 et faire en sorte que les richesses du pays soient partag\u00e9es entre tous ses habitants \u00bb, a-t-il poursuivi.<\/p>\n<p>Le dirigeant sud-africain a encourag\u00e9 les entreprises \u00e0 offrir des mesures de bien-\u00eatre et d&rsquo;autres formes de soutien aux employ\u00e9s qui ont \u00e9t\u00e9 touch\u00e9s par les violences.<\/p>\n<p>\u00ab Nous sommes appel\u00e9s \u00e0 contribuer \u00e0 l&rsquo;aide alimentaire et \u00e0 soutenir les entreprises en d\u00e9tresse. Nous sommes appel\u00e9s \u00e0 rejoindre de petites \u00e9quipes de b\u00e9n\u00e9voles pour aider \u00e0 nettoyer les communaut\u00e9s touch\u00e9es, s&rsquo;il nous est possible de le faire, tout en ayant \u00e0 l&rsquo;esprit de la pand\u00e9mie et ce que nous devons faire pour rester en s\u00e9curit\u00e9 \u00bb, a conclu le pr\u00e9sident.<\/p>\n<p>Cet article <a rel=\"nofollow\" href=\"https:\/\/www.journalducameroun.com\/pillages-lafrique-du-sud-relance-son-economie-ramaphosa\/\">Pillages : l\u2019Afrique du Sud relance son \u00e9conomie (Ramaphosa)<\/a> est apparu en premier sur <a rel=\"nofollow\" href=\"https:\/\/www.journalducameroun.com\/\">Journal du Cameroun<\/a>.<\/p>\n<\/div>\n<p>Auteur: APA News<br \/>\n<a href=\"https:\/\/www.journalducameroun.com\/pillages-lafrique-du-sud-relance-son-economie-ramaphosa\/\">Cliquez ici pour lire l&rsquo;article depuis sa source.<\/a><\/p>\n","protected":false},"excerpt":{"rendered":"<p>L&rsquo;Afrique du Sud est en train de se reconstruire apr\u00e8s les r\u00e9cents pillages et violences, selon son pr\u00e9sident Cyril Ramaphosa.Dans son message hebdomadaire \u00e0 la nation apr\u00e8s les pires troubles dans le pays depuis la fin de l&rsquo;apartheid, M. Ramaphosa a soutenu que son pays \u00ab en train de relancer son \u00e9conomie \u00bb. Les \u00e9v\u00e9nements [&hellip;]<\/p>\n","protected":false},"author":1965,"featured_media":0,"comment_status":"closed","ping_status":"closed","sticky":false,"template":"","format":"standard","meta":{"fifu_image_url":"https:\/\/www.journalducameroun.com\/wp-content\/uploads\/2021\/07\/16267114838411.jpg","fifu_image_alt":"Pillages : l\u2019Afrique du Sud relance son \u00e9conomie (Ramaphosa)","footnotes":""},"categories":[73,82],"tags":[],"class_list":["post-121916","post","type-post","status-publish","format-standard","hentry","category-actualite","category-cameroun"],"_links":{"self":[{"href":"https:\/\/linitiative.ca\/International\/wp-json\/wp\/v2\/posts\/121916","targetHints":{"allow":["GET"]}}],"collection":[{"href":"https:\/\/linitiative.ca\/International\/wp-json\/wp\/v2\/posts"}],"about":[{"href":"https:\/\/linitiative.ca\/International\/wp-json\/wp\/v2\/types\/post"}],"author":[{"embeddable":true,"href":"https:\/\/linitiative.ca\/International\/wp-json\/wp\/v2\/users\/1965"}],"replies":[{"embeddable":true,"href":"https:\/\/linitiative.ca\/International\/wp-json\/wp\/v2\/comments?post=121916"}],"version-history":[{"count":0,"href":"https:\/\/linitiative.ca\/International\/wp-json\/wp\/v2\/posts\/121916\/revisions"}],"wp:attachment":[{"href":"https:\/\/linitiative.ca\/International\/wp-json\/wp\/v2\/media?parent=121916"}],"wp:term":[{"taxonomy":"category","embeddable":true,"href":"https:\/\/linitiative.ca\/International\/wp-json\/wp\/v2\/categories?post=121916"},{"taxonomy":"post_tag","embeddable":true,"href":"https:\/\/linitiative.ca\/International\/wp-json\/wp\/v2\/tags?post=121916"}],"curies":[{"name":"wp","href":"https:\/\/api.w.org\/{rel}","templated":true}]}}