{"id":121918,"date":"2021-07-19T10:06:39","date_gmt":"2021-07-19T14:06:39","guid":{"rendered":"https:\/\/linitiative.ca\/International\/renforcement-des-capacites-les-journalistes-a-lecole-des-donnees-statistiques\/"},"modified":"2021-07-19T10:06:39","modified_gmt":"2021-07-19T14:06:39","slug":"renforcement-des-capacites-les-journalistes-a-lecole-des-donnees-statistiques","status":"publish","type":"post","link":"https:\/\/linitiative.ca\/International\/renforcement-des-capacites-les-journalistes-a-lecole-des-donnees-statistiques\/","title":{"rendered":"Renforcement des capacit\u00e9s : les journalistes \u00e0 l\u2019\u00e9cole des donn\u00e9es statistiques"},"content":{"rendered":"<div>\n<p>La compr\u00e9hension des donn\u00e9es statistiques officielles par l\u2019opinion publique est le plaidoyer port\u00e9 par l\u2019Institut nationale de la statistique (INS). Et qui de mieux qu\u2019un journaliste pour l\u2019accompagner dans cette t\u00e2che. C\u2019est sur cette lanc\u00e9e que du 14 au 16 juillet 2021, l\u2019organe en charge des statistiques a organis\u00e9 \u00e0 l\u2019attention des journalistes un groupe de travail charg\u00e9 de l\u2019\u00e9laboration et de la mise en \u0153uvre des m\u00e9canismes de vulgarisation de l\u2019information statistique officielle au sein des m\u00e9dias camerounais. Selon Joseph Tedou, le Directeur de cette institution, les travaux visaient \u00e0 \u00ab\u00a0renforcer les capacit\u00e9s des journalistes pour produire une information officielle, de qualit\u00e9 en direction du public cible\u00a0\u00bb.<\/p>\n<p><strong>Lire aussi<\/strong> : <strong><a href=\"https:\/\/ecomatin.net\/lins-veut-elaborer-un-indice-composite-dess-activitess-economiques-en-zone-cemac\/\">L\u2019INS veut \u00e9laborer un indice composite des activit\u00e9s \u00e9conomiques en zone Cemac<\/a><\/strong><\/p>\n<p>Pendant deux jours, les professionnels de m\u00e9dias ont \u00e9t\u00e9 \u00e9difi\u00e9s sur le processus de suivi de la Strat\u00e9gie nationale de d\u00e9veloppement (SND30), qui s\u2019adosse sur la Strat\u00e9gie nationale de d\u00e9veloppement de la statistique (SNDS30). Ceci \u00e0 travers 5 expos\u00e9s\u00a0: suivi et \u00e9valuation de la mise en \u0153uvre de la SND30\u00a0; rebassage des comptes nationaux et enjeux macro\u00e9conomiques dans le contexte de la SND30\u00a0; contribution du RGE-3 (recensement g\u00e9n\u00e9ral des entreprises) dans la SND30\u00a0; la contribution des enqu\u00eates Ecam5 (enqu\u00eate camerounaise aupr\u00e8s des m\u00e9nages) et Eessi3 (enqu\u00eate sur l\u2019emploi et le secteur informel) et enfin la collaboration INS-M\u00e9dias\u00a0: diagnostic et perspectives pour un meilleur accompagnement dans le suivi de la SND30.<\/p>\n<p><strong>Lire aussi<\/strong> : <strong><a href=\"https:\/\/ecomatin.net\/12-milliards-de-f-pour-le-nouveau-siege-de-linstitut-national-de-la-statistique\/\">12 milliards de F pour le nouveau si\u00e8ge de l\u2019Institut national de la statistique<\/a><\/strong><\/p>\n<p>Les deux parties engag\u00e9es dans un processus de partenariat ont arr\u00eat\u00e9 plusieurs r\u00e9solutions au sortir de ces travaux. Entre autres, la diffusion prochaine d\u2019un calendrier des publications avenir de l\u2019INS, l\u2019instauration de points de presse \u00e0 la suite de la parution d\u2019un document, des ateliers de formation en direction des journalistes, des s\u00e9ances de media training pour les statisticiens de l\u2019institut, etc.<\/p>\n<p>L\u2019article <a rel=\"nofollow\" href=\"https:\/\/ecomatin.net\/renforcement-des-capacites-less-journalistess-a-lecole-dess-donnees-statistiques\/\">Renforcement des capacit\u00e9s : les journalistes \u00e0 l\u2019\u00e9cole des donn\u00e9es statistiques<\/a> est apparu en premier sur <a rel=\"nofollow\" href=\"https:\/\/ecomatin.net\/\">EcoMatin<\/a>.<\/p>\n<\/div>\n<p>Auteur: Cindy MBALA<br \/>\n<a href=\"https:\/\/ecomatin.net\/renforcement-des-capacites-less-journalistess-a-lecole-dess-donnees-statistiques\/\">Cliquez ici pour lire l&rsquo;article depuis sa source.<\/a><\/p>\n","protected":false},"excerpt":{"rendered":"<p>La compr\u00e9hension des donn\u00e9es statistiques officielles par l\u2019opinion publique est le plaidoyer port\u00e9 par l\u2019Institut nationale de la statistique (INS). Et qui de mieux qu\u2019un journaliste pour l\u2019accompagner dans cette t\u00e2che. C\u2019est sur cette lanc\u00e9e que du 14 au 16 juillet 2021, l\u2019organe en charge des statistiques a organis\u00e9 \u00e0 l\u2019attention des journalistes un groupe [&hellip;]<\/p>\n","protected":false},"author":1969,"featured_media":0,"comment_status":"closed","ping_status":"closed","sticky":false,"template":"","format":"standard","meta":{"fifu_image_url":"","fifu_image_alt":"","footnotes":""},"categories":[82,78],"tags":[],"class_list":["post-121918","post","type-post","status-publish","format-standard","hentry","category-cameroun","category-economie"],"_links":{"self":[{"href":"https:\/\/linitiative.ca\/International\/wp-json\/wp\/v2\/posts\/121918","targetHints":{"allow":["GET"]}}],"collection":[{"href":"https:\/\/linitiative.ca\/International\/wp-json\/wp\/v2\/posts"}],"about":[{"href":"https:\/\/linitiative.ca\/International\/wp-json\/wp\/v2\/types\/post"}],"author":[{"embeddable":true,"href":"https:\/\/linitiative.ca\/International\/wp-json\/wp\/v2\/users\/1969"}],"replies":[{"embeddable":true,"href":"https:\/\/linitiative.ca\/International\/wp-json\/wp\/v2\/comments?post=121918"}],"version-history":[{"count":0,"href":"https:\/\/linitiative.ca\/International\/wp-json\/wp\/v2\/posts\/121918\/revisions"}],"wp:attachment":[{"href":"https:\/\/linitiative.ca\/International\/wp-json\/wp\/v2\/media?parent=121918"}],"wp:term":[{"taxonomy":"category","embeddable":true,"href":"https:\/\/linitiative.ca\/International\/wp-json\/wp\/v2\/categories?post=121918"},{"taxonomy":"post_tag","embeddable":true,"href":"https:\/\/linitiative.ca\/International\/wp-json\/wp\/v2\/tags?post=121918"}],"curies":[{"name":"wp","href":"https:\/\/api.w.org\/{rel}","templated":true}]}}