{"id":121939,"date":"2021-07-19T14:00:00","date_gmt":"2021-07-19T18:00:00","guid":{"rendered":"https:\/\/linitiative.ca\/International\/reprise-du-proces-zuma-sous-haute-securite\/"},"modified":"2021-07-19T14:00:00","modified_gmt":"2021-07-19T18:00:00","slug":"reprise-du-proces-zuma-sous-haute-securite","status":"publish","type":"post","link":"https:\/\/linitiative.ca\/International\/reprise-du-proces-zuma-sous-haute-securite\/","title":{"rendered":"reprise du proc\u00e8s Zuma sous haute s\u00e9curit\u00e9"},"content":{"rendered":"<div>\n<p class=\"has-text-align-center has-vivid-cyan-blue-color has-text-color\"><strong>Afrique du Sud<\/strong><\/p>\n<p class=\"has-black-color has-text-color\"><strong>Le proc\u00e8s de l\u2019ancien pr\u00e9sident sud-africain Jacob Zuma, dans une affaire de pots-de-vins vieille de plus de 20 ans, a repris lundi sous haute s\u00e9curit\u00e9 apr\u00e8s plus d\u2019une semaine d\u2019\u00e9meutes qui ont \u00e9branl\u00e9 le pays.<\/strong><\/p>\n<p class=\"has-black-color has-text-color\">Le d\u00e9tonateur de ces violences, qui ont commenc\u00e9 le 9 juillet, avait \u00e9t\u00e9 l\u2019incarc\u00e9ration de M. Zuma, 79 ans, dans une affaire distincte o\u00f9 il a \u00e9t\u00e9 condamn\u00e9 pour outrage \u00e0 la justice. Pillages et incendies, concentr\u00e9s d\u2019abord en pays zoulou (est) s\u2019\u00e9taient \u00e9tendus \u00e0 Johannesburg, la plus grande ville et le poumon \u00e9conomique du pays.<\/p>\n<p class=\"has-black-color has-text-color\">Lundi matin, soldats et policiers \u00e9taient positionn\u00e9s en nombre dans le centre de Pietermaritzburg, la capitale de la province du Kwazulu-Natal (est), o\u00f9 est situ\u00e9 le tribunal qui devait pourtant proc\u00e9der \u00e0 une audience virtuelle. Les rues adjacentes \u00e9taient \u00e9galement quadrill\u00e9es et un h\u00e9licopt\u00e8re patrouillait la zone.<\/p>\n<p class=\"has-black-color has-text-color\">M. Zuma, costume sombre et cravate rouge, est apparu \u00e0 l\u2019\u00e9cran depuis sa prison d\u2019Estcourt, \u00e0 moins d\u2019une centaine de km. Le proc\u00e8s, comme souvent en Afrique du Sud, \u00e9tait t\u00e9l\u00e9vis\u00e9.<\/p>\n<p class=\"has-black-color has-text-color\">Les partisans de M. Zuma, dans cette r\u00e9gion dont il est originaire, se rassemblent g\u00e9n\u00e9ralement \u00e0 chacun de ses d\u00e9placements pour soutenir leur champion. Ils sont accus\u00e9s d\u2019avoir foment\u00e9 le chaos des derniers jours, que le pr\u00e9sident Cyril Ramaphosa a qualifi\u00e9 de tentative orchestr\u00e9e de d\u00e9stabiliser le pays.<\/p>\n<p class=\"has-black-color has-text-color\">Les avocats de M. Zuma ont \u00e9crit dimanche au tribunal, pour pr\u00e9ciser qu\u2019ils pr\u00e9voyaient de contester la virtualit\u00e9 de l\u2019audience, arguant que cela violait les droits constitutionnels de leur client. Ils devaient demander un report du proc\u00e8s.<\/p>\n<p class=\"has-black-color has-text-color\">De nombreuses restrictions ont \u00e9t\u00e9 mises en place fin juin pour freiner une troisi\u00e8me vague particuli\u00e8rement meurtri\u00e8re de coronavirus en Afrique du Sud, incitant des tribunaux \u00e0 tenir des audiences via Zoom ou Teams.<\/p>\n<p class=\"has-black-color has-text-color\">Mais ici, le juge Piet Koen a pr\u00e9cis\u00e9 que cette d\u00e9cision \u00e9tait li\u00e9e \u00e0 l\u2019instabilit\u00e9 dans la province. La virtualit\u00e9 permet aussi de ne pas avoir \u00e0 faire sortir M. Zuma de sa cellule pour l\u2019emmener au tribunal.<\/p>\n<p class=\"has-black-color has-text-color\">M. Zuma doit r\u00e9pondre de seize chefs d\u2019accusation de fraude, corruption et racket li\u00e9s \u00e0 l\u2019achat, en 1999, de mat\u00e9riel militaire aupr\u00e8s de cinq soci\u00e9t\u00e9s d\u2019armement europ\u00e9ennes, alors qu\u2019il \u00e9tait vice-pr\u00e9sident.<\/p>\n<p class=\"has-black-color has-text-color\">Il est accus\u00e9 d\u2019avoir empoch\u00e9 plus de quatre millions de rands (soit 235.000 euros au taux actuel), notamment du groupe fran\u00e7ais Thales qui \u00e9tait une des entreprises attributaires du juteux contrat d\u2019une valeur globale d\u2019environ 2,8 milliards d\u2019euros.<\/p>\n<p>L\u2019article <a rel=\"nofollow\" href=\"http:\/\/albayane.press.ma\/reprise-du-proces-zuma-sous-haute-securite.html\">reprise du proc\u00e8s Zuma sous haute s\u00e9curit\u00e9<\/a> est apparu en premier sur <a rel=\"nofollow\" href=\"http:\/\/albayane.press.ma\/\">ALBAYANE<\/a>.<\/p>\n<\/div>\n<p>Auteur: M&rsquo;hammed rahal<br \/>\n<a href=\"http:\/\/albayane.press.ma\/reprise-du-proces-zuma-sous-haute-securite.html\">Cliquez ici pour lire l&rsquo;article depuis sa source.<\/a><\/p>\n","protected":false},"excerpt":{"rendered":"<p>Afrique du Sud Le proc\u00e8s de l\u2019ancien pr\u00e9sident sud-africain Jacob Zuma, dans une affaire de pots-de-vins vieille de plus de 20 ans, a repris lundi sous haute s\u00e9curit\u00e9 apr\u00e8s plus d\u2019une semaine d\u2019\u00e9meutes qui ont \u00e9branl\u00e9 le pays. Le d\u00e9tonateur de ces violences, qui ont commenc\u00e9 le 9 juillet, avait \u00e9t\u00e9 l\u2019incarc\u00e9ration de M. Zuma, [&hellip;]<\/p>\n","protected":false},"author":1760,"featured_media":0,"comment_status":"closed","ping_status":"closed","sticky":false,"template":"","format":"standard","meta":{"fifu_image_url":"","fifu_image_alt":"","footnotes":""},"categories":[73,54],"tags":[],"class_list":["post-121939","post","type-post","status-publish","format-standard","hentry","category-actualite","category-maroc"],"_links":{"self":[{"href":"https:\/\/linitiative.ca\/International\/wp-json\/wp\/v2\/posts\/121939","targetHints":{"allow":["GET"]}}],"collection":[{"href":"https:\/\/linitiative.ca\/International\/wp-json\/wp\/v2\/posts"}],"about":[{"href":"https:\/\/linitiative.ca\/International\/wp-json\/wp\/v2\/types\/post"}],"author":[{"embeddable":true,"href":"https:\/\/linitiative.ca\/International\/wp-json\/wp\/v2\/users\/1760"}],"replies":[{"embeddable":true,"href":"https:\/\/linitiative.ca\/International\/wp-json\/wp\/v2\/comments?post=121939"}],"version-history":[{"count":0,"href":"https:\/\/linitiative.ca\/International\/wp-json\/wp\/v2\/posts\/121939\/revisions"}],"wp:attachment":[{"href":"https:\/\/linitiative.ca\/International\/wp-json\/wp\/v2\/media?parent=121939"}],"wp:term":[{"taxonomy":"category","embeddable":true,"href":"https:\/\/linitiative.ca\/International\/wp-json\/wp\/v2\/categories?post=121939"},{"taxonomy":"post_tag","embeddable":true,"href":"https:\/\/linitiative.ca\/International\/wp-json\/wp\/v2\/tags?post=121939"}],"curies":[{"name":"wp","href":"https:\/\/api.w.org\/{rel}","templated":true}]}}