{"id":121940,"date":"2021-07-19T14:00:00","date_gmt":"2021-07-19T18:00:00","guid":{"rendered":"https:\/\/linitiative.ca\/International\/nous-couvrirons-le-maximum-de-circonscriptions-electorales\/"},"modified":"2021-07-19T14:00:00","modified_gmt":"2021-07-19T18:00:00","slug":"nous-couvrirons-le-maximum-de-circonscriptions-electorales","status":"publish","type":"post","link":"https:\/\/linitiative.ca\/International\/nous-couvrirons-le-maximum-de-circonscriptions-electorales\/","title":{"rendered":"Nous couvrirons \u00ab le maximum de circonscriptions \u00e9lectorales \u00bb"},"content":{"rendered":"<div>\n<p class=\"has-text-align-center has-vivid-cyan-blue-color has-text-color\"><a><strong>Le SG du Parti sur Medi1 TV<\/strong><\/a><\/p>\n<p class=\"has-text-align-right has-vivid-red-color has-text-color\"><strong>Karim Ben Amar<\/strong><\/p>\n<p class=\"has-black-color has-text-color\"><strong>Le secr\u00e9taire g\u00e9n\u00e9ral du Parti du Progr\u00e8s et du Socialisme, Mohamed Nabil Benabdallah, \u00e9tait l\u2019invit\u00e9 de Medi1 TV, dimanche 18 juillet, dans l\u2019\u00e9mission arabophone hebdomadaire \u00ab\u00a0Mouajaha lil ikna\u00e2\u00bb. Lors de ce direct, de nombreux sujets ont \u00e9t\u00e9 d\u00e9battus, dont notamment les \u00e9lections que notre pays organisera le mercredi 8 septembre 2021: couverture des circonscriptions \u00e9lectorales,\u00a0 pr\u00e9sence de jeunes et de femmes sur les listes \u00e9lectorales, candidature ou non du secr\u00e9taire g\u00e9n\u00e9ral aux prochaines l\u00e9gislatives\u2026 Quelques d\u00e9tails.<\/strong><\/p>\n<p class=\"has-black-color has-text-color\">Le Secr\u00e9taire g\u00e9n\u00e9ral du Parti du Progr\u00e8s et du Socialisme, Mohamed Nabil Benabdallah n\u2019a pas m\u00e2ch\u00e9 ses mots, sur le plateau de Medi1 TV. Pr\u00e8s d\u2019une heure trente, de nombreux sujets politiques d\u2019actualit\u00e9 ou trop d\u00e9pass\u00e9s ont \u00e9t\u00e9 \u00e9voqu\u00e9s. Les prochaines \u00e9ch\u00e9ances \u00e9lectorales ont aussi fait partie des sujets cl\u00e9s de l\u2019\u00e9mission.<\/p>\n<p class=\"has-black-color has-text-color\">A ce sujet, le SG du parti a affirm\u00e9 que le PPS couvrira toutes les circonscriptions \u00e9lectorales pour le scrutin l\u00e9gislatif. \u00abCela se fait depuis 1992. Il est \u00e9vident que le PPS couvrira les 92 circonscriptions \u00e9lectorales concernant le scrutin l\u00e9gislatif\u00bb.<\/p>\n<p class=\"has-black-color has-text-color\">Quant aux \u00e9lections municipales, la t\u00e2che est plus ardue. \u00abAucun parti au Maroc ne pourra couvrir l\u2019ensemble des circonscriptions \u00e9lectorales locales, qui s\u2019\u00e9l\u00e8vent \u00e0 1503. Pour cela, il faut pr\u00e8s de 30.000 candidats. Aucun Parti au Maroc n\u2019a autant de candidats. Ceci dit, nous avons pour ambition de couvrir un maximum\u00bb, a soulign\u00e9 Nabil Benabdallah.<\/p>\n<p class=\"has-black-color has-text-color\">Concernant les d\u00e9fections, fl\u00e9au tr\u00e8s courant dans tous les partis de notre pays \u00e0 l\u2019approche des \u00e9lections, le SG a assur\u00e9 que cela ne p\u00e9nalise en rien le Parti, puisque le PPS est un Parti ouvert \u00e0 tous. \u00abM\u00eame les notables que nous accueillons au PPS doivent \u00eatre irr\u00e9prochables et respect\u00e9s dans leurs provinces respectives. Nous n\u2019acceptons aucune personne trainant des casseroles\u00bb (mise en examen, commerce ill\u00e9gal\u2026).<\/p>\n<p class=\"has-black-color has-text-color\">Et d\u2019ajouter, \u00ables d\u00e9fections peuvent en effet affaiblir un Parti quand il s\u2019agit de militants cadres et comp\u00e9tents. Cela n\u2019est pas le cas au PPS. Ceci dit, la d\u00e9fection \u00e0 l\u2019approche des \u00e9ch\u00e9ances \u00e9lectorales est inacceptable\u00bb, a-t-il ajout\u00e9.<\/p>\n<p class=\"has-black-color has-text-color\">Le SG du Parti a aussi assur\u00e9 que les listes \u00e9lectorales seront compos\u00e9es aussi de jeunes et de femmes, et cela pas uniquement au niveau local mais au niveau provincial. \u00abDans la ville de Chaouen par exemple, nous avons une candidate \u00e2g\u00e9e de 21 ans qui sera t\u00eate de liste dans les \u00e9lections l\u00e9gislatives\u00bb, d\u00e9clare-t-il.\u00a0<\/p>\n<p class=\"has-black-color has-text-color\">Quant \u00e0 la candidature de Mohamed Nabil Benabdallah dans les \u00e9lections l\u00e9gislatives, le SG a confi\u00e9 que la coordination provinciale du Parti \u00e0 Rabat a propos\u00e9 sa candidature \u00e0 la circonscription de l\u2019Oc\u00e9an. \u00abJe ne sais pas si je serai candidat. De plus au PPS, c\u2019est la commission charg\u00e9e des \u00e9lections qui se charge de confier les accr\u00e9ditations aux candidats. En plus de cela, en tant que Secr\u00e9taire g\u00e9n\u00e9ral, il est normal que je me pr\u00e9sente, dans le but de donner l\u2019exemple aux autres\u00a0; ce qui est aussi mon r\u00f4le. Mais je me dis aussi que si je me pr\u00e9sentais, je devrais faire campagne dans ma circonscription et je n\u2019aurai pas le temps de faire campagne avec les autres candidats, en tant que SG. Car, accompagner les autres candidats est aussi mon r\u00f4le de SG. Et de conclure, \u00abcela se d\u00e9cidera dans les semaines \u00e0 venir, si je serai candidat ou non\u00bb.<\/p>\n<p>L\u2019article <a rel=\"nofollow\" href=\"http:\/\/albayane.press.ma\/nous-couvrirons-le-maximum-de-circonscriptions-electorales.html\">Nous couvrirons \u00ab le maximum de circonscriptions \u00e9lectorales \u00bb<\/a> est apparu en premier sur <a rel=\"nofollow\" href=\"http:\/\/albayane.press.ma\/\">ALBAYANE<\/a>.<\/p>\n<\/div>\n<p>Auteur: M&rsquo;hammed rahal<br \/>\n<a href=\"http:\/\/albayane.press.ma\/nous-couvrirons-le-maximum-de-circonscriptions-electorales.html\">Cliquez ici pour lire l&rsquo;article depuis sa source.<\/a><\/p>\n","protected":false},"excerpt":{"rendered":"<p>Le SG du Parti sur Medi1 TV Karim Ben Amar Le secr\u00e9taire g\u00e9n\u00e9ral du Parti du Progr\u00e8s et du Socialisme, Mohamed Nabil Benabdallah, \u00e9tait l\u2019invit\u00e9 de Medi1 TV, dimanche 18 juillet, dans l\u2019\u00e9mission arabophone hebdomadaire \u00ab\u00a0Mouajaha lil ikna\u00e2\u00bb. Lors de ce direct, de nombreux sujets ont \u00e9t\u00e9 d\u00e9battus, dont notamment les \u00e9lections que notre pays [&hellip;]<\/p>\n","protected":false},"author":1760,"featured_media":0,"comment_status":"closed","ping_status":"closed","sticky":false,"template":"","format":"standard","meta":{"fifu_image_url":"","fifu_image_alt":"","footnotes":""},"categories":[73,54],"tags":[],"class_list":["post-121940","post","type-post","status-publish","format-standard","hentry","category-actualite","category-maroc"],"_links":{"self":[{"href":"https:\/\/linitiative.ca\/International\/wp-json\/wp\/v2\/posts\/121940","targetHints":{"allow":["GET"]}}],"collection":[{"href":"https:\/\/linitiative.ca\/International\/wp-json\/wp\/v2\/posts"}],"about":[{"href":"https:\/\/linitiative.ca\/International\/wp-json\/wp\/v2\/types\/post"}],"author":[{"embeddable":true,"href":"https:\/\/linitiative.ca\/International\/wp-json\/wp\/v2\/users\/1760"}],"replies":[{"embeddable":true,"href":"https:\/\/linitiative.ca\/International\/wp-json\/wp\/v2\/comments?post=121940"}],"version-history":[{"count":0,"href":"https:\/\/linitiative.ca\/International\/wp-json\/wp\/v2\/posts\/121940\/revisions"}],"wp:attachment":[{"href":"https:\/\/linitiative.ca\/International\/wp-json\/wp\/v2\/media?parent=121940"}],"wp:term":[{"taxonomy":"category","embeddable":true,"href":"https:\/\/linitiative.ca\/International\/wp-json\/wp\/v2\/categories?post=121940"},{"taxonomy":"post_tag","embeddable":true,"href":"https:\/\/linitiative.ca\/International\/wp-json\/wp\/v2\/tags?post=121940"}],"curies":[{"name":"wp","href":"https:\/\/api.w.org\/{rel}","templated":true}]}}