{"id":121941,"date":"2021-07-19T14:00:00","date_gmt":"2021-07-19T18:00:00","guid":{"rendered":"https:\/\/linitiative.ca\/International\/sous-le-mot-dordre-toujours-a-votre-service-avec-serieux\/"},"modified":"2021-07-19T14:00:00","modified_gmt":"2021-07-19T18:00:00","slug":"sous-le-mot-dordre-toujours-a-votre-service-avec-serieux","status":"publish","type":"post","link":"https:\/\/linitiative.ca\/International\/sous-le-mot-dordre-toujours-a-votre-service-avec-serieux\/","title":{"rendered":"Sous le mot d\u2019ordre : \u00abtoujours \u00e0 votre service avec s\u00e9rieux\u00bb"},"content":{"rendered":"<div>\n<p class=\"has-text-align-center has-text-color\" style=\"color:#062ce5\"><strong>LE PPS PRESENTE SON PROGRAMME NATIONALE ELECTORAL 2021<\/strong><\/p>\n<p class=\"has-vivid-cyan-blue-color has-text-color\"><strong>Un document fruit de la participation, de l\u2019\u00e9coute et de l\u2019apport de sp\u00e9cialistes et d\u2019experts, qui propose\u00a0:<\/strong><\/p>\n<p class=\"has-vivid-cyan-blue-color has-text-color\"><strong>De promouvoir une \u00e9conomie forte au service du d\u00e9veloppement et de la souverainet\u00e9<\/strong><\/p>\n<p class=\"has-vivid-cyan-blue-color has-text-color\"><strong>De placer l\u2019humain au c\u0153ur des politiques publiques<\/strong><\/p>\n<p class=\"has-vivid-cyan-blue-color has-text-color\"><strong>Et de proc\u00e9der \u00e0 un renouveau de l\u2019\u00e9lan d\u00e9mocratique et \u00e0 l\u2019approfondissement de la construction institutionnelle.<\/strong><\/p>\n<p class=\"has-black-color has-text-color\"><strong>\u00a0Apr\u00e8s avoir rendu hommage \u00e0 l\u2019\u00e9quipe qui a contribu\u00e9 \u00e0 l\u2019\u00e9laboration de ce document, le Secr\u00e9taire G\u00e9n\u00e9ral du Parti du Progr\u00e8s et du Socialisme, Mohammed Nabil Benabdallah a indiqu\u00e9 que ce programme se situe dans le sillage de la r\u00e9flexion permanente du parti pour le renouvellement de sa pens\u00e9e pour l\u2019adapter aux changements de toutes sortes, dans le respect de ses valeurs et de ses principes fondateurs en tant que parti de gauche et socialiste.<\/strong><\/p>\n<p class=\"has-black-color has-text-color\">Pour le PPS, a-t-il rappel\u00e9, il s\u2019agit de poursuivre \u00e0 ce niveau le combat pour la justice sociale et la d\u00e9fense des droits des travailleurs et des couches d\u00e9favoris\u00e9es, de la souverainet\u00e9 nationale (int\u00e9grit\u00e9 territoriale et de la d\u00e9mocratie et des libert\u00e9s.<\/p>\n<p class=\"has-black-color has-text-color\">Il est \u00e9galement revenu sur les r\u00e9percussions de la crise du Covid-19, qui a lev\u00e9 le voile sur l\u2019extension de la vuln\u00e9rabilit\u00e9 et de la pr\u00e9carit\u00e9 au sein de la population. Cette crise a r\u00e9v\u00e9l\u00e9 aussi les d\u00e9ficits accumul\u00e9s dans les secteurs de la sant\u00e9 et de l\u2019\u00e9ducation. Elle a approfondi les in\u00e9galit\u00e9s sociales et spatiales, conduit \u00e0 l\u2019arr\u00eat quasi-total de certaines activit\u00e9s, aggrav\u00e9 le ch\u00f4mage en particulier des jeunes (plus de 40%), conduit \u00e0 une baisse des recettes fiscales (de pr\u00e8s de 6%) et accentu\u00e9 le manque de visibilit\u00e9 qui a conduit \u00e0 la morosit\u00e9 chez les entreprises et les investisseurs.<\/p>\n<p class=\"has-black-color has-text-color\">Malgr\u00e9 cela, le Maroc a pu g\u00e9rer la situation sanitaire de mani\u00e8re globalement ma\u00eetris\u00e9e du fait des choix courageux et des orientations de Sa Majest\u00e9 le Roi pour faire face, dans l\u2019urgence, aux cons\u00e9quences \u00e9conomiques et sociales ou pour conduire avec efficacit\u00e9 la campagne de vaccination, a-t-il dit.<\/p>\n<p class=\"has-black-color has-text-color\">Quant au gouvernement, il a p\u00e9ch\u00e9 par manque de communication et par manque de proximit\u00e9 et de dialogue avec les citoyens durement affect\u00e9s par la crise.<\/p>\n<p class=\"has-black-color has-text-color\">Selon le SG du PPS, les \u00e9lections de 2021 se d\u00e9rouleront alors que le pays est confront\u00e9 \u00e0 une v\u00e9ritable crise de confiance r\u00e9elle qui touche les institutions gouvernementales, les assembl\u00e9es \u00e9lues, les organismes publics, les partis politiques, les syndicats et le monde \u00e9conomique.<\/p>\n<p class=\"has-black-color has-text-color\">Elles auront lieu, alors que le rapport sur le nouveau mod\u00e8le de d\u00e9veloppement pr\u00e9par\u00e9 par la commission d\u00e9sign\u00e9e \u00e0 cet effet vient d\u2019\u00eatre publi\u00e9 et dans lequel le PPS se reconnait.<\/p>\n<p class=\"has-black-color has-text-color\"><strong>I \u2013 UNE ECONOMIE FORTE\u00a0:<\/strong><\/p>\n<p class=\"has-black-color has-text-color\">Abordant cet axe, le SG du PPS a insist\u00e9 sur le r\u00f4le essentiel de l\u2019Etat dont les capacit\u00e9s doivent \u00eatre d\u00e9velopp\u00e9es aussi bien sur le plan de l\u2019orientation et de la r\u00e9gulation que sur celui de son intervention directe \u00e0 partir de sa mission \u00abd\u00e9veloppementiste\u00bb et sa responsabilit\u00e9 de garant de l\u2019\u00e9quit\u00e9 sociale et territoriale.<\/p>\n<p class=\"has-black-color has-text-color\">Selon le PPS, a-t-il dit, il importe de renforcer le r\u00f4le moteur de l\u2019Etat et sa responsabilit\u00e9 dans la mise en place des infrastructures n\u00e9cessaires, la mise \u00e0 niveau sociale de l\u2019ensemble des r\u00e9gions, la mise en \u0153uvre des industries structurantes et la promotion de la recherche scientifique et la priorit\u00e9 absolue accord\u00e9e \u00e0 l\u2019h\u00f4pital public et l\u2019\u00e9cole publique.<\/p>\n<p class=\"has-black-color has-text-color\">Dans ce cadre, il importe de maintenir et d\u00e9velopper un secteur public fort, rationalis\u00e9 et d\u00e9mocratis\u00e9 permettant \u00e0 l\u2019Etat de garder intactes ses capacit\u00e9s d\u2019intervention directe dans des secteurs vitaux (Energie, phosphates, finance, transport, habitat etc.)<\/p>\n<p class=\"has-black-color has-text-color\">L\u2019Etat doit jouer aussi pleinement son r\u00f4le de r\u00e9gulation, lors de la contractualisation avec le priv\u00e9, d\u00e9velopper des d\u00e9marches de concertation, de dialogue et de partenariat avec tous les acteurs du d\u00e9veloppement reconnus par la Constitution.<\/p>\n<p class=\"has-black-color has-text-color\">Pour ce faire, le PPS se prononce pour une strat\u00e9gie nationale de qualification et de mise \u00e0 niveau de l\u2019ensemble des acteurs: entreprises nationales, collectivit\u00e9s territoriales, syndicats, organisations professionnelles, organisations du tiers secteur.<\/p>\n<p class=\"has-black-color has-text-color\">Il appelle aussi \u00e0 promouvoir un secteur priv\u00e9 productif, d\u00e9barrass\u00e9 des pratiques renti\u00e8res, responsable socialement et \u00e9cologiquement\u2026, en symbiose avec les priorit\u00e9s nationales.<\/p>\n<p class=\"has-black-color has-text-color\">Le PPS rappelle aussi qu\u2019il ne peut y avoir de d\u00e9veloppement sans le renforcement de l\u2019Etat de droit \u00e9conomique et la lutte contre toutes les formes de concurrence d\u00e9loyale et de position de monopole et pr\u00e9conise pour ce faire une s\u00e9rie de mesures visant notamment le renforcement des moyens des autorit\u00e9s ind\u00e9pendantes de r\u00e9gulation et de m\u00e9diation et la lutte \u00a0contre l\u2019\u00e9conomie de rente, les pratiques de fraude fiscale, sociale ou \u00e9cologique par tous les moyens juridiques, fiscaux et la lib\u00e9ralisation de certains secteurs pour \u00e9viter les situations de monopole.<\/p>\n<p class=\"has-black-color has-text-color\">Il pr\u00e9conise aussi de lutter contre l\u2019informel, comme source de concurrence d\u00e9loyale, de manque \u00e0 gagner fiscal et de privation des travailleurs de leurs droits sociaux.<\/p>\n<p class=\"has-black-color has-text-color\">Le PPS propose aussi de mener une v\u00e9ritable politique d\u2019industrialisation en capitalisant notamment sur certains acquis du plan d\u2019acc\u00e9l\u00e9ration industrielle, en r\u00e9orientant l\u2019effort vers une vision int\u00e9gr\u00e9e formation-recherche \/ innovation et en investissant dans les technologies de pointe.<\/p>\n<p class=\"has-black-color has-text-color\">Il pr\u00e9conise de m\u00eame de revoir en profondeur les choix agricoles, \u00e9tant donn\u00e9 que le plan Maroc vert, qui a b\u00e9n\u00e9fici\u00e9 de moyens substantiels, n\u2019a profit\u00e9 en fait qu\u2019\u00e0 l\u2019agriculture capitaliste d\u2019exportation.<\/p>\n<p class=\"has-black-color has-text-color\">En parall\u00e8le, il importe de valoriser les richesses halieutiques et les produits de mer dans le sens de mieux subvenir aux besoins de l\u2019\u00e9conomie nationale et de la population.<\/p>\n<p class=\"has-black-color has-text-color\">Il importe aussi de promouvoir un tourisme r\u00e9nov\u00e9 valorisant les potentialit\u00e9s r\u00e9gionales et la diversit\u00e9 culturelle, \u00e9riger l\u2019\u00e9conomie sociale et solidaire en pilier du d\u00e9veloppement \u00e9conomique, mettre \u00e0 niveau l\u2019artisanat et promouvoir la digitalisation de l\u2019\u00e9conomie<\/p>\n<p class=\"has-black-color has-text-color\"><strong>II \u2013 L\u2019HUMAIN AU C\u0152UR DES POLITIQUES PUBLIQUES<\/strong><\/p>\n<p class=\"has-black-color has-text-color\">Dans le cadre de cet axe, le PPS souligne en premier la n\u00e9cessit\u00e9 de r\u00e9ussir le d\u00e9fi de la mise en \u0153uvre de la loi-cadre de g\u00e9n\u00e9ralisation de la protection sociale \u00e0 l\u2019horizon 2025.<\/p>\n<p class=\"has-black-color has-text-color\">Pour le PPS, a indiqu\u00e9 le SG du parti, il s\u2019agit d\u2019un chantier majeur pour le prochain gouvernement, traduisant un engagement effectif et une volont\u00e9 politique de mettre le Maroc sur la voie de la construction d\u2019une soci\u00e9t\u00e9 juste et solidaire.<\/p>\n<p class=\"has-black-color has-text-color\">Pour la r\u00e9alisation d\u2019un tel chantier, il est essentiel de mettre en place les conditions de r\u00e9ussite pour surmonter les divers obstacles \u00e0 sa mise en \u0153uvre (politique de croissance et de cr\u00e9ation d\u2019emplois, instauration d\u2019un Etat de droit \u00e9conomique).<\/p>\n<p class=\"has-black-color has-text-color\">Il est \u00e9galement n\u00e9cessaire de parachever la r\u00e9forme des retraites, en allant au del\u00e0 des r\u00e9formes param\u00e9triques et de proc\u00e9der surtout \u00e0 une r\u00e9forme en profondeur du syst\u00e8me de sant\u00e9 pour assurer le droit \u00e0 la sant\u00e9 pour tous.<\/p>\n<p class=\"has-black-color has-text-color\">Et comme l\u2019a toujours soutenu, le PPS souligne encore une fois la n\u00e9cessit\u00e9 d\u2019investir surtout dans l\u2019\u00e9cole publique, la formation et la recherche scientifique, tout en consid\u00e9rant l\u2019enseignement priv\u00e9 comme un secteur compl\u00e9mentaire.<\/p>\n<p class=\"has-black-color has-text-color\">Le pr\u00e9sent programme \u00e9lectoral du PPS rappelle aussi la n\u00e9cessit\u00e9 de mettre en \u0153uvre un projet mobilisateur \u00ab\u00a0Maroc culture\u00a0\u00bb consacrant le r\u00f4le strat\u00e9gique de la culture au sein de la soci\u00e9t\u00e9, de promouvoir une politique sportive \u00e0 la mesure de ses enjeux \u00e9conomiques, sociaux et culturels et d\u2019aller r\u00e9solument vers la parit\u00e9 et l\u2019\u00e9galit\u00e9 femme-homme, \u00e0 travers le renforcement de la repr\u00e9sentation f\u00e9minine dans toutes les assembl\u00e9es \u00e9lues, la promotion des conditions favorables \u00e0 la participation de la femme dans la vie politique et associative et le renforcement de l\u2019int\u00e9gration \u00e9conomique des femmes.<\/p>\n<p class=\"has-black-color has-text-color\">Le programme pr\u00e9conise aussi une plus grande int\u00e9gration des jeunes dans le cadre d\u2019un pacte national de la jeunesse, d\u2019\u0153uvrer dans le cadre d\u2019une politique vigoureuse d\u2019inclusion des personnes en situation de handicap sans oublier d\u2019accorder \u00e0 la d\u00e9fense de la dignit\u00e9 des migrants et des droits des Marocains du Monde l\u2019int\u00e9r\u00eat requis.<\/p>\n<p class=\"has-black-color has-text-color\">Le programme insiste aussi sur la n\u00e9cessit\u00e9 d\u2019\u0153uvrer pour am\u00e9liorer le cadre de vie des citoyens et de mettre en \u0153uvre les principes et les dispositions constitutionnelles et d\u00e9mocratiques.<\/p>\n<p class=\"has-black-color has-text-color\"><strong>III- LE RENOUVEAU DEMOCRATIQUE\u00a0:<\/strong><\/p>\n<p class=\"has-black-color has-text-color\">Dans ce cadre, il importe pour le PPS d\u2019\u0153uvrer pour le r\u00e9tablissement de la confiance, une condition essentielle pour la maitrise du nouveau mod\u00e8le de d\u00e9veloppement et pour la mobilisation des plus larges couches du peuple. Ceci passe par la r\u00e9habilitation de la politique au sens noble du terme qui est tributaire d\u2019une pratique d\u00e9mocratique saine, en combattant toutes les perversions qui entravent la mise en \u0153uvre effective des acquis de la Constitution de 2011.<\/p>\n<p class=\"has-black-color has-text-color\">Dans ce cadre, il importe de mettre en \u0153uvre les principes et les dispositions constitutionnelles et d\u00e9mocratiques, d\u2019\u00e9largir le champ des libert\u00e9s et de renforcer les droits pour faire \u00e9merger une pleine citoyennet\u00e9, de s\u2019appuyer sur la d\u00e9mocratie territoriale pour avancer r\u00e9solument vers la d\u00e9centralisation et la r\u00e9gionalisation avanc\u00e9e, d\u2019assurer la s\u00e9curit\u00e9 des citoyens comme droit fondamental et source de souverainet\u00e9, de stabilit\u00e9 et de coh\u00e9sion, de renforcer l\u2019Administration, de lutter sans faiblesse contre la corruption, de renforcer la transparence et de proc\u00e9der \u00e0 la r\u00e9forme de la Justice et \u00e0 sa mise \u00e0 niveau globale et du champ de la presse et des m\u00e9dias.<\/p>\n<p class=\"has-black-color has-text-color\">M\u2019Barek Tafsi\u00a0<\/p>\n<p>L\u2019article <a rel=\"nofollow\" href=\"http:\/\/albayane.press.ma\/sous-le-mot-dordre-toujours-a-votre-service-avec-serieux.html\">Sous le mot d\u2019ordre : \u00abtoujours \u00e0 votre service avec s\u00e9rieux\u00bb<\/a> est apparu en premier sur <a rel=\"nofollow\" href=\"http:\/\/albayane.press.ma\/\">ALBAYANE<\/a>.<\/p>\n<\/div>\n<p>Auteur: M&rsquo;hammed rahal<br \/>\n<a href=\"http:\/\/albayane.press.ma\/sous-le-mot-dordre-toujours-a-votre-service-avec-serieux.html\">Cliquez ici pour lire l&rsquo;article depuis sa source.<\/a><\/p>\n","protected":false},"excerpt":{"rendered":"<p>LE PPS PRESENTE SON PROGRAMME NATIONALE ELECTORAL 2021 Un document fruit de la participation, de l\u2019\u00e9coute et de l\u2019apport de sp\u00e9cialistes et d\u2019experts, qui propose\u00a0: De promouvoir une \u00e9conomie forte au service du d\u00e9veloppement et de la souverainet\u00e9 De placer l\u2019humain au c\u0153ur des politiques publiques Et de proc\u00e9der \u00e0 un renouveau de l\u2019\u00e9lan d\u00e9mocratique [&hellip;]<\/p>\n","protected":false},"author":1760,"featured_media":0,"comment_status":"closed","ping_status":"closed","sticky":false,"template":"","format":"standard","meta":{"fifu_image_url":"","fifu_image_alt":"","footnotes":""},"categories":[73,54],"tags":[],"class_list":["post-121941","post","type-post","status-publish","format-standard","hentry","category-actualite","category-maroc"],"_links":{"self":[{"href":"https:\/\/linitiative.ca\/International\/wp-json\/wp\/v2\/posts\/121941","targetHints":{"allow":["GET"]}}],"collection":[{"href":"https:\/\/linitiative.ca\/International\/wp-json\/wp\/v2\/posts"}],"about":[{"href":"https:\/\/linitiative.ca\/International\/wp-json\/wp\/v2\/types\/post"}],"author":[{"embeddable":true,"href":"https:\/\/linitiative.ca\/International\/wp-json\/wp\/v2\/users\/1760"}],"replies":[{"embeddable":true,"href":"https:\/\/linitiative.ca\/International\/wp-json\/wp\/v2\/comments?post=121941"}],"version-history":[{"count":0,"href":"https:\/\/linitiative.ca\/International\/wp-json\/wp\/v2\/posts\/121941\/revisions"}],"wp:attachment":[{"href":"https:\/\/linitiative.ca\/International\/wp-json\/wp\/v2\/media?parent=121941"}],"wp:term":[{"taxonomy":"category","embeddable":true,"href":"https:\/\/linitiative.ca\/International\/wp-json\/wp\/v2\/categories?post=121941"},{"taxonomy":"post_tag","embeddable":true,"href":"https:\/\/linitiative.ca\/International\/wp-json\/wp\/v2\/tags?post=121941"}],"curies":[{"name":"wp","href":"https:\/\/api.w.org\/{rel}","templated":true}]}}