{"id":121943,"date":"2021-07-19T15:00:00","date_gmt":"2021-07-19T19:00:00","guid":{"rendered":"https:\/\/linitiative.ca\/International\/le-confinement-partiel-passe-de-23h-a-4h-dans-24-wilayas\/"},"modified":"2021-07-19T15:00:00","modified_gmt":"2021-07-19T19:00:00","slug":"le-confinement-partiel-passe-de-23h-a-4h-dans-24-wilayas","status":"publish","type":"post","link":"https:\/\/linitiative.ca\/International\/le-confinement-partiel-passe-de-23h-a-4h-dans-24-wilayas\/","title":{"rendered":"Le confinement partiel passe de 23h \u00e0 4h dans 24 wilayas"},"content":{"rendered":"<div>Le confinement partiel \u00e0 domicile passe de 23h \u00e0 4h du matin dans 24 wilayas pour une dur\u00e9e de 10 jours, \u00e0 compter de demain mardi, ont annonc\u00e9, lundi, les services du Premier minist\u00e8re.<\/div>\n<p>Auteur:<br \/>\n<a href=\"https:\/\/www.liberte-algerie.com\/actualite\/le-confinement-partiel-passe-de-23h-a-4h-dans-24-wilayas-362201\">Cliquez ici pour lire l&rsquo;article depuis sa source.<\/a><\/p>\n","protected":false},"excerpt":{"rendered":"<p>Le confinement partiel \u00e0 domicile passe de 23h \u00e0 4h du matin dans 24 wilayas pour une dur\u00e9e de 10 jours, \u00e0 compter de demain mardi, ont annonc\u00e9, lundi, les services du Premier minist\u00e8re. Auteur: Cliquez ici pour lire l&rsquo;article depuis sa source.<\/p>\n","protected":false},"author":1742,"featured_media":0,"comment_status":"closed","ping_status":"closed","sticky":false,"template":"","format":"standard","meta":{"fifu_image_url":"","fifu_image_alt":"","footnotes":""},"categories":[73,53],"tags":[],"class_list":["post-121943","post","type-post","status-publish","format-standard","hentry","category-actualite","category-algerie"],"_links":{"self":[{"href":"https:\/\/linitiative.ca\/International\/wp-json\/wp\/v2\/posts\/121943","targetHints":{"allow":["GET"]}}],"collection":[{"href":"https:\/\/linitiative.ca\/International\/wp-json\/wp\/v2\/posts"}],"about":[{"href":"https:\/\/linitiative.ca\/International\/wp-json\/wp\/v2\/types\/post"}],"author":[{"embeddable":true,"href":"https:\/\/linitiative.ca\/International\/wp-json\/wp\/v2\/users\/1742"}],"replies":[{"embeddable":true,"href":"https:\/\/linitiative.ca\/International\/wp-json\/wp\/v2\/comments?post=121943"}],"version-history":[{"count":0,"href":"https:\/\/linitiative.ca\/International\/wp-json\/wp\/v2\/posts\/121943\/revisions"}],"wp:attachment":[{"href":"https:\/\/linitiative.ca\/International\/wp-json\/wp\/v2\/media?parent=121943"}],"wp:term":[{"taxonomy":"category","embeddable":true,"href":"https:\/\/linitiative.ca\/International\/wp-json\/wp\/v2\/categories?post=121943"},{"taxonomy":"post_tag","embeddable":true,"href":"https:\/\/linitiative.ca\/International\/wp-json\/wp\/v2\/tags?post=121943"}],"curies":[{"name":"wp","href":"https:\/\/api.w.org\/{rel}","templated":true}]}}