{"id":121949,"date":"2021-07-20T08:32:39","date_gmt":"2021-07-20T12:32:39","guid":{"rendered":"https:\/\/linitiative.ca\/International\/aid-al-adha-casablanca-les-horaires-des-bus\/"},"modified":"2021-07-20T08:32:39","modified_gmt":"2021-07-20T12:32:39","slug":"aid-al-adha-casablanca-les-horaires-des-bus","status":"publish","type":"post","link":"https:\/\/linitiative.ca\/International\/aid-al-adha-casablanca-les-horaires-des-bus\/","title":{"rendered":"A\u00efd Al-Adha \/ Casablanca: Les horaires des bus"},"content":{"rendered":"<div>\n<div class=\"field field-name-body field-type-text-with-summary field-label-hidden\">\n<div class=\"field-items\">\n<div class=\"field-item even\" property=\"content:encoded\">\n<p class=\"rtejustify\">Casabus op\u00e9r\u00e9 par la soci\u00e9t\u00e9 Alsa a annonc\u00e9, mardi, que le transport par bus sera assur\u00e9 le jour de l&rsquo;Aid Al-Adha. La soci\u00e9t\u00e9 pr\u00e9cise que le premier voyage sera assur\u00e9 \u00e0 partir de 14H00 alors que la fin de service est programm\u00e9e pour 20H00. Durant la m\u00eame plage horaire, les usagers peuvent contacter le service client (0520552055). La reprise des fr\u00e9quences ordinaires se fera le deuxi\u00e8me jour de l&rsquo;Aid, le 22 juillet \u00e0 partir de 6H30 et jusqu&rsquo;\u00e0 20H00.<\/p>\n<\/div>\n<\/div>\n<\/div>\n<\/div>\n<p>Auteur: hgueye<br \/>\n<a href=\"https:\/\/www.leconomiste.com\/flash-infos\/aid-al-adha-casablanca-les-horaires-des-bus\">Cliquez ici pour lire l&rsquo;article depuis sa source.<\/a><\/p>\n","protected":false},"excerpt":{"rendered":"<p>Casabus op\u00e9r\u00e9 par la soci\u00e9t\u00e9 Alsa a annonc\u00e9, mardi, que le transport par bus sera assur\u00e9 le jour de l&rsquo;Aid Al-Adha. La soci\u00e9t\u00e9 pr\u00e9cise que le premier voyage sera assur\u00e9 \u00e0 partir de 14H00 alors que la fin de service est programm\u00e9e pour 20H00. Durant la m\u00eame plage horaire, les usagers peuvent contacter le service [&hellip;]<\/p>\n","protected":false},"author":1763,"featured_media":0,"comment_status":"closed","ping_status":"closed","sticky":false,"template":"","format":"standard","meta":{"fifu_image_url":"","fifu_image_alt":"","footnotes":""},"categories":[78,54],"tags":[],"class_list":["post-121949","post","type-post","status-publish","format-standard","hentry","category-economie","category-maroc"],"_links":{"self":[{"href":"https:\/\/linitiative.ca\/International\/wp-json\/wp\/v2\/posts\/121949","targetHints":{"allow":["GET"]}}],"collection":[{"href":"https:\/\/linitiative.ca\/International\/wp-json\/wp\/v2\/posts"}],"about":[{"href":"https:\/\/linitiative.ca\/International\/wp-json\/wp\/v2\/types\/post"}],"author":[{"embeddable":true,"href":"https:\/\/linitiative.ca\/International\/wp-json\/wp\/v2\/users\/1763"}],"replies":[{"embeddable":true,"href":"https:\/\/linitiative.ca\/International\/wp-json\/wp\/v2\/comments?post=121949"}],"version-history":[{"count":0,"href":"https:\/\/linitiative.ca\/International\/wp-json\/wp\/v2\/posts\/121949\/revisions"}],"wp:attachment":[{"href":"https:\/\/linitiative.ca\/International\/wp-json\/wp\/v2\/media?parent=121949"}],"wp:term":[{"taxonomy":"category","embeddable":true,"href":"https:\/\/linitiative.ca\/International\/wp-json\/wp\/v2\/categories?post=121949"},{"taxonomy":"post_tag","embeddable":true,"href":"https:\/\/linitiative.ca\/International\/wp-json\/wp\/v2\/tags?post=121949"}],"curies":[{"name":"wp","href":"https:\/\/api.w.org\/{rel}","templated":true}]}}