{"id":121951,"date":"2021-07-20T09:11:19","date_gmt":"2021-07-20T13:11:19","guid":{"rendered":"https:\/\/linitiative.ca\/International\/covid-81-deces-en-une-semaine-au-maroc-pire-bilan-depuis-cinq-mois\/"},"modified":"2021-07-20T09:11:19","modified_gmt":"2021-07-20T13:11:19","slug":"covid-81-deces-en-une-semaine-au-maroc-pire-bilan-depuis-cinq-mois","status":"publish","type":"post","link":"https:\/\/linitiative.ca\/International\/covid-81-deces-en-une-semaine-au-maroc-pire-bilan-depuis-cinq-mois\/","title":{"rendered":"Covid: 81 d\u00e9c\u00e8s en une semaine au Maroc, pire bilan depuis cinq mois"},"content":{"rendered":"<div>\n<div class=\"field field-name-body field-type-text-with-summary field-label-hidden\">\n<div class=\"field-items\">\n<div class=\"field-item even\" property=\"content:encoded\">\n<p class=\"rtejustify\">Le bilan des d\u00e9c\u00e8s quotidiens a augment\u00e9 ces derniers jours. Au total, 81 d\u00e9c\u00e8s ont \u00e9t\u00e9 enregistr\u00e9s durant la semaine \u00e9coul\u00e9e, soit le pire bilan depuis cinq mois, selon les chiffres du minist\u00e8re de la Sant\u00e9.<\/p>\n<\/div>\n<\/div>\n<\/div>\n<\/div>\n<p>Auteur: hgueye<br \/>\n<a href=\"https:\/\/www.leconomiste.com\/flash-infos\/covid-81-deces-en-une-semaine-au-marpc-pire-bilan-depuis-cinq-mois\">Cliquez ici pour lire l&rsquo;article depuis sa source.<\/a><\/p>\n","protected":false},"excerpt":{"rendered":"<p>Le bilan des d\u00e9c\u00e8s quotidiens a augment\u00e9 ces derniers jours. Au total, 81 d\u00e9c\u00e8s ont \u00e9t\u00e9 enregistr\u00e9s durant la semaine \u00e9coul\u00e9e, soit le pire bilan depuis cinq mois, selon les chiffres du minist\u00e8re de la Sant\u00e9. Auteur: hgueye Cliquez ici pour lire l&rsquo;article depuis sa source.<\/p>\n","protected":false},"author":1763,"featured_media":0,"comment_status":"closed","ping_status":"closed","sticky":false,"template":"","format":"standard","meta":{"fifu_image_url":"","fifu_image_alt":"","footnotes":""},"categories":[78,54],"tags":[],"class_list":["post-121951","post","type-post","status-publish","format-standard","hentry","category-economie","category-maroc"],"_links":{"self":[{"href":"https:\/\/linitiative.ca\/International\/wp-json\/wp\/v2\/posts\/121951","targetHints":{"allow":["GET"]}}],"collection":[{"href":"https:\/\/linitiative.ca\/International\/wp-json\/wp\/v2\/posts"}],"about":[{"href":"https:\/\/linitiative.ca\/International\/wp-json\/wp\/v2\/types\/post"}],"author":[{"embeddable":true,"href":"https:\/\/linitiative.ca\/International\/wp-json\/wp\/v2\/users\/1763"}],"replies":[{"embeddable":true,"href":"https:\/\/linitiative.ca\/International\/wp-json\/wp\/v2\/comments?post=121951"}],"version-history":[{"count":0,"href":"https:\/\/linitiative.ca\/International\/wp-json\/wp\/v2\/posts\/121951\/revisions"}],"wp:attachment":[{"href":"https:\/\/linitiative.ca\/International\/wp-json\/wp\/v2\/media?parent=121951"}],"wp:term":[{"taxonomy":"category","embeddable":true,"href":"https:\/\/linitiative.ca\/International\/wp-json\/wp\/v2\/categories?post=121951"},{"taxonomy":"post_tag","embeddable":true,"href":"https:\/\/linitiative.ca\/International\/wp-json\/wp\/v2\/tags?post=121951"}],"curies":[{"name":"wp","href":"https:\/\/api.w.org\/{rel}","templated":true}]}}