{"id":121953,"date":"2021-07-20T11:33:28","date_gmt":"2021-07-20T15:33:28","guid":{"rendered":"https:\/\/linitiative.ca\/International\/classes-prepas-les-listes-dattente-publiees\/"},"modified":"2021-07-20T11:33:28","modified_gmt":"2021-07-20T15:33:28","slug":"classes-prepas-les-listes-dattente-publiees","status":"publish","type":"post","link":"https:\/\/linitiative.ca\/International\/classes-prepas-les-listes-dattente-publiees\/","title":{"rendered":"Classes pr\u00e9pas: les listes d&rsquo;attente publi\u00e9es"},"content":{"rendered":"<div>\n<div class=\"field field-name-body field-type-text-with-summary field-label-hidden\">\n<div class=\"field-items\">\n<div class=\"field-item even\" property=\"content:encoded\">\n<p class=\"rtejustify\">Les listes d&rsquo;attente des candidats \u00e0 l&rsquo;acc\u00e8s aux Centres publics des classes pr\u00e9paratoires aux grandes \u00e9coles (CPGE), au titre de l&rsquo;ann\u00e9e 2021-2022, ont \u00e9t\u00e9 publi\u00e9es, a annonc\u00e9 le d\u00e9partement de l&rsquo;Education nationale.<\/p>\n<\/div>\n<\/div>\n<\/div>\n<\/div>\n<p>Auteur: hgueye<br \/>\n<a href=\"https:\/\/www.leconomiste.com\/flash-infos\/classes-prepas-les-listes-d-attente-publiees\">Cliquez ici pour lire l&rsquo;article depuis sa source.<\/a><\/p>\n","protected":false},"excerpt":{"rendered":"<p>Les listes d&rsquo;attente des candidats \u00e0 l&rsquo;acc\u00e8s aux Centres publics des classes pr\u00e9paratoires aux grandes \u00e9coles (CPGE), au titre de l&rsquo;ann\u00e9e 2021-2022, ont \u00e9t\u00e9 publi\u00e9es, a annonc\u00e9 le d\u00e9partement de l&rsquo;Education nationale. Auteur: hgueye Cliquez ici pour lire l&rsquo;article depuis sa source.<\/p>\n","protected":false},"author":1763,"featured_media":0,"comment_status":"closed","ping_status":"closed","sticky":false,"template":"","format":"standard","meta":{"fifu_image_url":"","fifu_image_alt":"","footnotes":""},"categories":[78,54],"tags":[],"class_list":["post-121953","post","type-post","status-publish","format-standard","hentry","category-economie","category-maroc"],"_links":{"self":[{"href":"https:\/\/linitiative.ca\/International\/wp-json\/wp\/v2\/posts\/121953","targetHints":{"allow":["GET"]}}],"collection":[{"href":"https:\/\/linitiative.ca\/International\/wp-json\/wp\/v2\/posts"}],"about":[{"href":"https:\/\/linitiative.ca\/International\/wp-json\/wp\/v2\/types\/post"}],"author":[{"embeddable":true,"href":"https:\/\/linitiative.ca\/International\/wp-json\/wp\/v2\/users\/1763"}],"replies":[{"embeddable":true,"href":"https:\/\/linitiative.ca\/International\/wp-json\/wp\/v2\/comments?post=121953"}],"version-history":[{"count":0,"href":"https:\/\/linitiative.ca\/International\/wp-json\/wp\/v2\/posts\/121953\/revisions"}],"wp:attachment":[{"href":"https:\/\/linitiative.ca\/International\/wp-json\/wp\/v2\/media?parent=121953"}],"wp:term":[{"taxonomy":"category","embeddable":true,"href":"https:\/\/linitiative.ca\/International\/wp-json\/wp\/v2\/categories?post=121953"},{"taxonomy":"post_tag","embeddable":true,"href":"https:\/\/linitiative.ca\/International\/wp-json\/wp\/v2\/tags?post=121953"}],"curies":[{"name":"wp","href":"https:\/\/api.w.org\/{rel}","templated":true}]}}