{"id":121954,"date":"2021-07-20T06:25:00","date_gmt":"2021-07-20T10:25:00","guid":{"rendered":"https:\/\/linitiative.ca\/International\/ol-peter-bosz-ne-semble-pas-se-satisfaire-de-slimani-et-dembele\/"},"modified":"2021-07-20T06:25:00","modified_gmt":"2021-07-20T10:25:00","slug":"ol-peter-bosz-ne-semble-pas-se-satisfaire-de-slimani-et-dembele","status":"publish","type":"post","link":"https:\/\/linitiative.ca\/International\/ol-peter-bosz-ne-semble-pas-se-satisfaire-de-slimani-et-dembele\/","title":{"rendered":"OL : Peter Bosz ne semble pas se satisfaire de Slimani et Demb\u00e9l\u00e9"},"content":{"rendered":"<div>Selon les informations de L&rsquo;Equipe, l&rsquo;entraineur de Lyon Peter Bosz r\u00e9clame un attaquant d&rsquo;envergure \u00e0 ses dirigeants<img loading=\"lazy\" decoding=\"async\" src=\"http:\/\/feeds.feedburner.com\/~r\/GalerieFArtciles\/~4\/seH-wxw1e9k\" height=\"1\" width=\"1\" alt=\"\"><\/div>\n<p>Auteur:<br \/>\n<a href=\"http:\/\/www.lebuteur.com\/article\/detail?titre=ol-peter-bosz-ne-semble-pas-se-satisfaire-de-slimani-et-dembele&#038;id=100662&#038;utm_source=feedburner&#038;utm_medium=feed&#038;utm_campaign=Feed%3A+GalerieFArtciles+%28Les+derniers+articles++-+lebuteur.com%29\">Cliquez ici pour lire l&rsquo;article depuis sa source.<\/a><\/p>\n","protected":false},"excerpt":{"rendered":"<p>Selon les informations de L&rsquo;Equipe, l&rsquo;entraineur de Lyon Peter Bosz r\u00e9clame un attaquant d&rsquo;envergure \u00e0 ses dirigeants Auteur: Cliquez ici pour lire l&rsquo;article depuis sa source.<\/p>\n","protected":false},"author":1738,"featured_media":0,"comment_status":"closed","ping_status":"closed","sticky":false,"template":"","format":"standard","meta":{"fifu_image_url":"http:\/\/feeds.feedburner.com\/~r\/GalerieFArtciles\/~4\/seH-wxw1e9k","fifu_image_alt":"OL : Peter Bosz ne semble pas se satisfaire de Slimani et Demb\u00e9l\u00e9","footnotes":""},"categories":[53,75],"tags":[],"class_list":["post-121954","post","type-post","status-publish","format-standard","hentry","category-algerie","category-sport"],"_links":{"self":[{"href":"https:\/\/linitiative.ca\/International\/wp-json\/wp\/v2\/posts\/121954","targetHints":{"allow":["GET"]}}],"collection":[{"href":"https:\/\/linitiative.ca\/International\/wp-json\/wp\/v2\/posts"}],"about":[{"href":"https:\/\/linitiative.ca\/International\/wp-json\/wp\/v2\/types\/post"}],"author":[{"embeddable":true,"href":"https:\/\/linitiative.ca\/International\/wp-json\/wp\/v2\/users\/1738"}],"replies":[{"embeddable":true,"href":"https:\/\/linitiative.ca\/International\/wp-json\/wp\/v2\/comments?post=121954"}],"version-history":[{"count":0,"href":"https:\/\/linitiative.ca\/International\/wp-json\/wp\/v2\/posts\/121954\/revisions"}],"wp:attachment":[{"href":"https:\/\/linitiative.ca\/International\/wp-json\/wp\/v2\/media?parent=121954"}],"wp:term":[{"taxonomy":"category","embeddable":true,"href":"https:\/\/linitiative.ca\/International\/wp-json\/wp\/v2\/categories?post=121954"},{"taxonomy":"post_tag","embeddable":true,"href":"https:\/\/linitiative.ca\/International\/wp-json\/wp\/v2\/tags?post=121954"}],"curies":[{"name":"wp","href":"https:\/\/api.w.org\/{rel}","templated":true}]}}