{"id":121955,"date":"2021-07-20T08:58:00","date_gmt":"2021-07-20T12:58:00","guid":{"rendered":"https:\/\/linitiative.ca\/International\/manchester-city-mahrez-vers-une-prolongation\/"},"modified":"2021-07-20T08:58:00","modified_gmt":"2021-07-20T12:58:00","slug":"manchester-city-mahrez-vers-une-prolongation","status":"publish","type":"post","link":"https:\/\/linitiative.ca\/International\/manchester-city-mahrez-vers-une-prolongation\/","title":{"rendered":"Manchester City : Mahrez vers une prolongation"},"content":{"rendered":"<div>le Fennec est un \u00e9l\u00e9ment sur lequel Josep Guardiola veut continuer \u00e0 s&rsquo;appuyer apr\u00e8s sa belle saison 2020-2021&#8230;<img loading=\"lazy\" decoding=\"async\" src=\"http:\/\/feeds.feedburner.com\/~r\/GalerieFArtciles\/~4\/ssMvd0K-Wso\" height=\"1\" width=\"1\" alt=\"\"><\/div>\n<p>Auteur:<br \/>\n<a href=\"http:\/\/www.lebuteur.com\/article\/detail?titre=manchester-city-mahrez-vers-une-prolongation&#038;id=100664&#038;utm_source=feedburner&#038;utm_medium=feed&#038;utm_campaign=Feed%3A+GalerieFArtciles+%28Les+derniers+articles++-+lebuteur.com%29\">Cliquez ici pour lire l&rsquo;article depuis sa source.<\/a><\/p>\n","protected":false},"excerpt":{"rendered":"<p>le Fennec est un \u00e9l\u00e9ment sur lequel Josep Guardiola veut continuer \u00e0 s&rsquo;appuyer apr\u00e8s sa belle saison 2020-2021&#8230; Auteur: Cliquez ici pour lire l&rsquo;article depuis sa source.<\/p>\n","protected":false},"author":1738,"featured_media":0,"comment_status":"closed","ping_status":"closed","sticky":false,"template":"","format":"standard","meta":{"fifu_image_url":"http:\/\/feeds.feedburner.com\/~r\/GalerieFArtciles\/~4\/ssMvd0K-Wso","fifu_image_alt":"Manchester City : Mahrez vers une prolongation","footnotes":""},"categories":[53,75],"tags":[],"class_list":["post-121955","post","type-post","status-publish","format-standard","hentry","category-algerie","category-sport"],"_links":{"self":[{"href":"https:\/\/linitiative.ca\/International\/wp-json\/wp\/v2\/posts\/121955","targetHints":{"allow":["GET"]}}],"collection":[{"href":"https:\/\/linitiative.ca\/International\/wp-json\/wp\/v2\/posts"}],"about":[{"href":"https:\/\/linitiative.ca\/International\/wp-json\/wp\/v2\/types\/post"}],"author":[{"embeddable":true,"href":"https:\/\/linitiative.ca\/International\/wp-json\/wp\/v2\/users\/1738"}],"replies":[{"embeddable":true,"href":"https:\/\/linitiative.ca\/International\/wp-json\/wp\/v2\/comments?post=121955"}],"version-history":[{"count":0,"href":"https:\/\/linitiative.ca\/International\/wp-json\/wp\/v2\/posts\/121955\/revisions"}],"wp:attachment":[{"href":"https:\/\/linitiative.ca\/International\/wp-json\/wp\/v2\/media?parent=121955"}],"wp:term":[{"taxonomy":"category","embeddable":true,"href":"https:\/\/linitiative.ca\/International\/wp-json\/wp\/v2\/categories?post=121955"},{"taxonomy":"post_tag","embeddable":true,"href":"https:\/\/linitiative.ca\/International\/wp-json\/wp\/v2\/tags?post=121955"}],"curies":[{"name":"wp","href":"https:\/\/api.w.org\/{rel}","templated":true}]}}