{"id":121958,"date":"2021-07-20T11:37:00","date_gmt":"2021-07-20T15:37:00","guid":{"rendered":"https:\/\/linitiative.ca\/International\/deces-de-lentraineur-noureddine-saadi\/"},"modified":"2021-07-20T11:37:00","modified_gmt":"2021-07-20T15:37:00","slug":"deces-de-lentraineur-noureddine-saadi","status":"publish","type":"post","link":"https:\/\/linitiative.ca\/International\/deces-de-lentraineur-noureddine-saadi\/","title":{"rendered":"D\u00e9c\u00e8s de l&rsquo;entra\u00eeneur Noureddine Sa\u00e2di"},"content":{"rendered":"<div>Le d\u00e9funt sera inhum\u00e9 mercredi \u00e0 Bouzeghen dans la Wilaya de Tizi-Ouzou&#8230;<img loading=\"lazy\" decoding=\"async\" src=\"http:\/\/feeds.feedburner.com\/~r\/GalerieFArtciles\/~4\/QS9ylzIMdqg\" height=\"1\" width=\"1\" alt=\"\"><\/div>\n<p>Auteur:<br \/>\n<a href=\"http:\/\/www.lebuteur.com\/article\/detail?titre=deces-de-lentraineur-noureddine-saadi&#038;id=100666&#038;utm_source=feedburner&#038;utm_medium=feed&#038;utm_campaign=Feed%3A+GalerieFArtciles+%28Les+derniers+articles++-+lebuteur.com%29\">Cliquez ici pour lire l&rsquo;article depuis sa source.<\/a><\/p>\n","protected":false},"excerpt":{"rendered":"<p>Le d\u00e9funt sera inhum\u00e9 mercredi \u00e0 Bouzeghen dans la Wilaya de Tizi-Ouzou&#8230; Auteur: Cliquez ici pour lire l&rsquo;article depuis sa source.<\/p>\n","protected":false},"author":1738,"featured_media":0,"comment_status":"closed","ping_status":"closed","sticky":false,"template":"","format":"standard","meta":{"fifu_image_url":"http:\/\/feeds.feedburner.com\/~r\/GalerieFArtciles\/~4\/QS9ylzIMdqg","fifu_image_alt":"<div>D\u00e9c\u00e8s de l'entra\u00eeneur Noureddine Sa\u00e2di<\/div>","footnotes":""},"categories":[53,75],"tags":[],"class_list":["post-121958","post","type-post","status-publish","format-standard","hentry","category-algerie","category-sport"],"_links":{"self":[{"href":"https:\/\/linitiative.ca\/International\/wp-json\/wp\/v2\/posts\/121958","targetHints":{"allow":["GET"]}}],"collection":[{"href":"https:\/\/linitiative.ca\/International\/wp-json\/wp\/v2\/posts"}],"about":[{"href":"https:\/\/linitiative.ca\/International\/wp-json\/wp\/v2\/types\/post"}],"author":[{"embeddable":true,"href":"https:\/\/linitiative.ca\/International\/wp-json\/wp\/v2\/users\/1738"}],"replies":[{"embeddable":true,"href":"https:\/\/linitiative.ca\/International\/wp-json\/wp\/v2\/comments?post=121958"}],"version-history":[{"count":0,"href":"https:\/\/linitiative.ca\/International\/wp-json\/wp\/v2\/posts\/121958\/revisions"}],"wp:attachment":[{"href":"https:\/\/linitiative.ca\/International\/wp-json\/wp\/v2\/media?parent=121958"}],"wp:term":[{"taxonomy":"category","embeddable":true,"href":"https:\/\/linitiative.ca\/International\/wp-json\/wp\/v2\/categories?post=121958"},{"taxonomy":"post_tag","embeddable":true,"href":"https:\/\/linitiative.ca\/International\/wp-json\/wp\/v2\/tags?post=121958"}],"curies":[{"name":"wp","href":"https:\/\/api.w.org\/{rel}","templated":true}]}}