{"id":121965,"date":"2021-07-20T11:47:39","date_gmt":"2021-07-20T15:47:39","guid":{"rendered":"https:\/\/linitiative.ca\/International\/el-othmani-a-coeur-ouvert\/"},"modified":"2021-07-20T11:47:39","modified_gmt":"2021-07-20T15:47:39","slug":"el-othmani-a-coeur-ouvert","status":"publish","type":"post","link":"https:\/\/linitiative.ca\/International\/el-othmani-a-coeur-ouvert\/","title":{"rendered":"El Othmani \u00e0 c\u0153ur ouvert"},"content":{"rendered":"<div><img decoding=\"async\" width=\"505\" height=\"295\" src=\"https:\/\/linitiative.ca\/International\/wp-content\/uploads\/sites\/23\/2021\/07\/othmani_map_archives.jpg\" class=\"attachment-post-thumbnail size-post-thumbnail wp-post-image\" alt=\"\" loading=\"lazy\" srcset=\"https:\/\/linitiative.ca\/International\/wp-content\/uploads\/sites\/23\/2021\/07\/othmani_map_archives.jpg 505w, https:\/\/www.challenge.ma\/wp-content\/uploads\/2019\/09\/othmani_map_archives-300x175.jpg 300w, https:\/\/www.challenge.ma\/wp-content\/uploads\/2019\/09\/othmani_map_archives-360x210.jpg 360w\" sizes=\"auto, (max-width: 505px) 100vw, 505px\" itemprop=\"image\">Le Chef du gouvernement a re\u00e7u quelques journalistes, dans un format de discussions \u00e0 b\u00e2tons rompus, plut\u00f4t qu\u2019un briefing traditionnel. Toutes les questions ont \u00e9t\u00e9 pos\u00e9es, il a r\u00e9pondu \u00e0 quelques-unes, en a esquiv\u00e9 d\u2019autres, mais la tonalit\u00e9 \u00e9tait tr\u00e8s franche. Il a reconnu que son grand regret \u00e9tait la<\/div>\n<p>Auteur: challenge<br \/>\n<a href=\"https:\/\/www.challenge.ma\/el-othmani-a-coeur-ouvert-193347\/\">Cliquez ici pour lire l&rsquo;article depuis sa source.<\/a><\/p>\n","protected":false},"excerpt":{"rendered":"<p>Le Chef du gouvernement a re\u00e7u quelques journalistes, dans un format de discussions \u00e0 b\u00e2tons rompus, plut\u00f4t qu\u2019un briefing traditionnel. Toutes les questions ont \u00e9t\u00e9 pos\u00e9es, il a r\u00e9pondu \u00e0 quelques-unes, en a esquiv\u00e9 d\u2019autres, mais la tonalit\u00e9 \u00e9tait tr\u00e8s franche. Il a reconnu que son grand regret \u00e9tait la Auteur: challenge Cliquez ici pour [&hellip;]<\/p>\n","protected":false},"author":1787,"featured_media":0,"comment_status":"closed","ping_status":"closed","sticky":false,"template":"","format":"standard","meta":{"fifu_image_url":"https:\/\/www.challenge.ma\/wp-content\/uploads\/2019\/09\/othmani_map_archives.jpg","fifu_image_alt":"El Othmani \u00e0 c\u0153ur ouvert","footnotes":""},"categories":[78,54],"tags":[],"class_list":["post-121965","post","type-post","status-publish","format-standard","hentry","category-economie","category-maroc"],"_links":{"self":[{"href":"https:\/\/linitiative.ca\/International\/wp-json\/wp\/v2\/posts\/121965","targetHints":{"allow":["GET"]}}],"collection":[{"href":"https:\/\/linitiative.ca\/International\/wp-json\/wp\/v2\/posts"}],"about":[{"href":"https:\/\/linitiative.ca\/International\/wp-json\/wp\/v2\/types\/post"}],"author":[{"embeddable":true,"href":"https:\/\/linitiative.ca\/International\/wp-json\/wp\/v2\/users\/1787"}],"replies":[{"embeddable":true,"href":"https:\/\/linitiative.ca\/International\/wp-json\/wp\/v2\/comments?post=121965"}],"version-history":[{"count":0,"href":"https:\/\/linitiative.ca\/International\/wp-json\/wp\/v2\/posts\/121965\/revisions"}],"wp:attachment":[{"href":"https:\/\/linitiative.ca\/International\/wp-json\/wp\/v2\/media?parent=121965"}],"wp:term":[{"taxonomy":"category","embeddable":true,"href":"https:\/\/linitiative.ca\/International\/wp-json\/wp\/v2\/categories?post=121965"},{"taxonomy":"post_tag","embeddable":true,"href":"https:\/\/linitiative.ca\/International\/wp-json\/wp\/v2\/tags?post=121965"}],"curies":[{"name":"wp","href":"https:\/\/api.w.org\/{rel}","templated":true}]}}