{"id":121967,"date":"2021-07-20T12:52:19","date_gmt":"2021-07-20T16:52:19","guid":{"rendered":"https:\/\/linitiative.ca\/International\/plf-2022-mohamed-benchaaboun-presentera-les-grandes-orientations-au-parlement-mercredi-prochain\/"},"modified":"2021-07-20T12:52:19","modified_gmt":"2021-07-20T16:52:19","slug":"plf-2022-mohamed-benchaaboun-presentera-les-grandes-orientations-au-parlement-mercredi-prochain","status":"publish","type":"post","link":"https:\/\/linitiative.ca\/International\/plf-2022-mohamed-benchaaboun-presentera-les-grandes-orientations-au-parlement-mercredi-prochain\/","title":{"rendered":"PLF 2022. Mohamed Bencha\u00e2boun pr\u00e9sentera les grandes orientations au parlement mercredi prochain"},"content":{"rendered":"<div><img decoding=\"async\" width=\"798\" height=\"532\" src=\"https:\/\/linitiative.ca\/International\/wp-content\/uploads\/sites\/23\/2021\/07\/Mohamed-Benchaaboun-ministre-de-lEconomie-des-Finances-et-de-la-Reforme-de-lAdministration-1547.jpg\" class=\"attachment-post-thumbnail size-post-thumbnail wp-post-image\" alt=\"\" loading=\"lazy\" srcset=\"https:\/\/linitiative.ca\/International\/wp-content\/uploads\/sites\/23\/2021\/07\/Mohamed-Benchaaboun-ministre-de-lEconomie-des-Finances-et-de-la-Reforme-de-lAdministration-1547.jpg 798w, https:\/\/www.challenge.ma\/wp-content\/uploads\/2020\/10\/Mohamed-Benchaaboun-ministre-de-lEconomie-des-Finances-et-de-la-Reforme-de-lAdministration-1547-300x200.jpg 300w, https:\/\/www.challenge.ma\/wp-content\/uploads\/2020\/10\/Mohamed-Benchaaboun-ministre-de-lEconomie-des-Finances-et-de-la-Reforme-de-lAdministration-1547-768x512.jpg 768w, https:\/\/www.challenge.ma\/wp-content\/uploads\/2020\/10\/Mohamed-Benchaaboun-ministre-de-lEconomie-des-Finances-et-de-la-Reforme-de-lAdministration-1547-360x240.jpg 360w, https:\/\/www.challenge.ma\/wp-content\/uploads\/2020\/10\/Mohamed-Benchaaboun-ministre-de-lEconomie-des-Finances-et-de-la-Reforme-de-lAdministration-1547-750x500.jpg 750w\" sizes=\"auto, (max-width: 798px) 100vw, 798px\" itemprop=\"image\">Le Ministre de l\u2019Economie, des Finances et de la r\u00e9forme de l\u2019Administration, Mohamed Bencha\u00e2boun, pr\u00e9sentera le 28 juillet les grandes orientations du projet de Loi de finances 2022 au Parlement. Les d\u00e9tails. La Commission des finances et du d\u00e9veloppement \u00e9conomique de la Chambre des repr\u00e9sentants et celle des finances, de<\/div>\n<p>Auteur: challenge<br \/>\n<a href=\"https:\/\/www.challenge.ma\/plf-2022-mohamed-benchaaboun-presentera-les-grandes-orientations-au-parlement-mercredi-prochain-193355\/\">Cliquez ici pour lire l&rsquo;article depuis sa source.<\/a><\/p>\n","protected":false},"excerpt":{"rendered":"<p>Le Ministre de l\u2019Economie, des Finances et de la r\u00e9forme de l\u2019Administration, Mohamed Bencha\u00e2boun, pr\u00e9sentera le 28 juillet les grandes orientations du projet de Loi de finances 2022 au Parlement. Les d\u00e9tails. La Commission des finances et du d\u00e9veloppement \u00e9conomique de la Chambre des repr\u00e9sentants et celle des finances, de Auteur: challenge Cliquez ici pour [&hellip;]<\/p>\n","protected":false},"author":1787,"featured_media":0,"comment_status":"closed","ping_status":"closed","sticky":false,"template":"","format":"standard","meta":{"fifu_image_url":"https:\/\/www.challenge.ma\/wp-content\/uploads\/2020\/10\/Mohamed-Benchaaboun-ministre-de-lEconomie-des-Finances-et-de-la-Reforme-de-lAdministration-1547.jpg","fifu_image_alt":"PLF 2022. Mohamed Bencha\u00e2boun pr\u00e9sentera les grandes orientations au parlement mercredi prochain","footnotes":""},"categories":[78,54],"tags":[],"class_list":["post-121967","post","type-post","status-publish","format-standard","hentry","category-economie","category-maroc"],"_links":{"self":[{"href":"https:\/\/linitiative.ca\/International\/wp-json\/wp\/v2\/posts\/121967","targetHints":{"allow":["GET"]}}],"collection":[{"href":"https:\/\/linitiative.ca\/International\/wp-json\/wp\/v2\/posts"}],"about":[{"href":"https:\/\/linitiative.ca\/International\/wp-json\/wp\/v2\/types\/post"}],"author":[{"embeddable":true,"href":"https:\/\/linitiative.ca\/International\/wp-json\/wp\/v2\/users\/1787"}],"replies":[{"embeddable":true,"href":"https:\/\/linitiative.ca\/International\/wp-json\/wp\/v2\/comments?post=121967"}],"version-history":[{"count":0,"href":"https:\/\/linitiative.ca\/International\/wp-json\/wp\/v2\/posts\/121967\/revisions"}],"wp:attachment":[{"href":"https:\/\/linitiative.ca\/International\/wp-json\/wp\/v2\/media?parent=121967"}],"wp:term":[{"taxonomy":"category","embeddable":true,"href":"https:\/\/linitiative.ca\/International\/wp-json\/wp\/v2\/categories?post=121967"},{"taxonomy":"post_tag","embeddable":true,"href":"https:\/\/linitiative.ca\/International\/wp-json\/wp\/v2\/tags?post=121967"}],"curies":[{"name":"wp","href":"https:\/\/api.w.org\/{rel}","templated":true}]}}