{"id":121969,"date":"2021-07-20T13:43:19","date_gmt":"2021-07-20T17:43:19","guid":{"rendered":"https:\/\/linitiative.ca\/International\/la-chine-et-la-ligue-des-etats-arabes-consolident-leur-cooperation\/"},"modified":"2021-07-20T13:43:19","modified_gmt":"2021-07-20T17:43:19","slug":"la-chine-et-la-ligue-des-etats-arabes-consolident-leur-cooperation","status":"publish","type":"post","link":"https:\/\/linitiative.ca\/International\/la-chine-et-la-ligue-des-etats-arabes-consolident-leur-cooperation\/","title":{"rendered":"La Chine et la Ligue des \u00c9tats arabes consolident leur coop\u00e9ration"},"content":{"rendered":"<div><img decoding=\"async\" width=\"998\" height=\"617\" src=\"https:\/\/linitiative.ca\/International\/wp-content\/uploads\/sites\/23\/2021\/07\/m-1.jpeg\" class=\"attachment-post-thumbnail size-post-thumbnail wp-post-image\" alt=\"\" loading=\"lazy\" srcset=\"https:\/\/linitiative.ca\/International\/wp-content\/uploads\/sites\/23\/2021\/07\/m-1.jpeg 998w, https:\/\/www.challenge.ma\/wp-content\/uploads\/2021\/07\/m-1-300x185.jpeg 300w, https:\/\/www.challenge.ma\/wp-content\/uploads\/2021\/07\/m-1-768x475.jpeg 768w, https:\/\/www.challenge.ma\/wp-content\/uploads\/2021\/07\/m-1-360x223.jpeg 360w, https:\/\/www.challenge.ma\/wp-content\/uploads\/2021\/07\/m-1-750x464.jpeg 750w\" sizes=\"auto, (max-width: 998px) 100vw, 998px\" itemprop=\"image\">La Chine et la Ligue des \u00c9tats arabes renforcent leur coop\u00e9ration. Dans ce sens, Wang Yi, conseiller d\u2019\u00c9tat et ministre chinois des Affaires \u00e9trang\u00e8res et Ahmed Aboul Gheit, secr\u00e9taire g\u00e9n\u00e9ral de la Ligue des \u00c9tats arabes, ont tenu une r\u00e9union le 18 juillet \u00e0 El Alamein, en \u00c9gypte. Les d\u00e9tails.<\/div>\n<p>Auteur: challenge<br \/>\n<a href=\"https:\/\/www.challenge.ma\/la-chine-et-la-ligue-des-etats-arabes-consolident-leur-cooperation-193367\/\">Cliquez ici pour lire l&rsquo;article depuis sa source.<\/a><\/p>\n","protected":false},"excerpt":{"rendered":"<p>La Chine et la Ligue des \u00c9tats arabes renforcent leur coop\u00e9ration. Dans ce sens, Wang Yi, conseiller d\u2019\u00c9tat et ministre chinois des Affaires \u00e9trang\u00e8res et Ahmed Aboul Gheit, secr\u00e9taire g\u00e9n\u00e9ral de la Ligue des \u00c9tats arabes, ont tenu une r\u00e9union le 18 juillet \u00e0 El Alamein, en \u00c9gypte. Les d\u00e9tails. Auteur: challenge Cliquez ici pour [&hellip;]<\/p>\n","protected":false},"author":1787,"featured_media":0,"comment_status":"closed","ping_status":"closed","sticky":false,"template":"","format":"standard","meta":{"fifu_image_url":"https:\/\/www.challenge.ma\/wp-content\/uploads\/2021\/07\/m-1.jpeg","fifu_image_alt":"La Chine et la Ligue des \u00c9tats arabes consolident leur coop\u00e9ration","footnotes":""},"categories":[78,54],"tags":[],"class_list":["post-121969","post","type-post","status-publish","format-standard","hentry","category-economie","category-maroc"],"_links":{"self":[{"href":"https:\/\/linitiative.ca\/International\/wp-json\/wp\/v2\/posts\/121969","targetHints":{"allow":["GET"]}}],"collection":[{"href":"https:\/\/linitiative.ca\/International\/wp-json\/wp\/v2\/posts"}],"about":[{"href":"https:\/\/linitiative.ca\/International\/wp-json\/wp\/v2\/types\/post"}],"author":[{"embeddable":true,"href":"https:\/\/linitiative.ca\/International\/wp-json\/wp\/v2\/users\/1787"}],"replies":[{"embeddable":true,"href":"https:\/\/linitiative.ca\/International\/wp-json\/wp\/v2\/comments?post=121969"}],"version-history":[{"count":0,"href":"https:\/\/linitiative.ca\/International\/wp-json\/wp\/v2\/posts\/121969\/revisions"}],"wp:attachment":[{"href":"https:\/\/linitiative.ca\/International\/wp-json\/wp\/v2\/media?parent=121969"}],"wp:term":[{"taxonomy":"category","embeddable":true,"href":"https:\/\/linitiative.ca\/International\/wp-json\/wp\/v2\/categories?post=121969"},{"taxonomy":"post_tag","embeddable":true,"href":"https:\/\/linitiative.ca\/International\/wp-json\/wp\/v2\/tags?post=121969"}],"curies":[{"name":"wp","href":"https:\/\/api.w.org\/{rel}","templated":true}]}}